{"id":952,"date":"2016-10-04T18:05:29","date_gmt":"2016-10-04T18:05:29","guid":{"rendered":"https:\/\/www.neimcke.de\/?p=952"},"modified":"2017-04-28T08:13:55","modified_gmt":"2017-04-28T08:13:55","slug":"mitarbeiter-feiern-ihr-firmenjubilaeum","status":"publish","type":"post","link":"https:\/\/www.neimcke.de\/at\/mitarbeiter-feiern-ihr-firmenjubilaeum\/","title":{"rendered":"Mitarbeiter feiern ihr Firmenjubil\u00e4um"},"content":{"rendered":"<p>Die Firma Neimcke GmbH &amp; Co. KG ehrte im September bei einem gemeinsamen Essen alle Jubilare des Jahres 2016. Gesch\u00e4ftsf\u00fchrer J\u00f6rg Neimcke blickt zusammen mit seinen langj\u00e4hrigen Mitarbeitern\u00a0auf eine erfolgreiche Vergangenheit zur\u00fcck.<br \/>\nhintere Reihe: Niederlassungsleiter M\u00fchldorf Klaus Bichlmaier, Betriebsleiter M\u00fcnchen Christian P\u00f6schmann, Benedikt Hollinger (10 Jahre), Lars Neuendorf (10 Jahre), Johann Ehrmann (20 Jahre), Josef Bauer (35 Jahre), Dennis Fischer (10 Jahre), Stefanie Mehringer (10 Jahre), Christian Schmid (25 Jahre), Johann Haimbuchner (30 Jahre), Peter Kreft (30 Jahre), J\u00fcrgen Maxeiner (20 Jahre), Christian Noller (35 Jahre), Oliver Bauer (30 Jahre), Peter Sch\u00f6nhuber (35 Jahre), Christian Zunhammer (10 Jahre), Rainer Lederer (25 Jahre), Gesch\u00e4ftsf\u00fchrer J\u00f6rg Neimcke<br \/>\nvordere Reihe: Peter Schlagheck (20 Jahre), Antonio Palumbo (20 Jahre), Rudolf Asanger (25 Jahre), Martin Werner (10 Jahre), Michael Sobe (10 Jahre), Niederlassungsleiter Traunstein Rainer Ortner<br \/>\nNicht anwesend waren: Daniel Mucke (10 Jahre), Christine Osenst\u00e4tter (10 Jahre), Korbinian Stra\u00dfer (10 Jahre), Tatjana Waliser (10 Jahre), Klaus Wilhelm (10 Jahre), Andreas Zenz (10 Jahre), Johann Edenhofner (25 Jahre), Reinhard Maier (25 Jahre), Klaus Plank (25 Jahre), Rita Siglreitmaier (30 Jahre), Manfred Petzka (35 Jahre), Martin Englmaier (40 Jahre)<\/p>\n","protected":false},"excerpt":{"rendered":"<p>Die Firma Neimcke GmbH &amp; Co. KG ehrte im September bei einem gemeinsamen Essen alle Jubilare des Jahres 2016. Gesch\u00e4ftsf\u00fchrer J\u00f6rg Neimcke blickt zusammen mit seinen langj\u00e4hrigen Mitarbeitern\u00a0auf eine erfolgreiche Vergangenheit zur\u00fcck. hintere Reihe: Niederlassungsleiter M\u00fchldorf Klaus Bichlmaier, Betriebsleiter M\u00fcnchen Christian P\u00f6schmann, Benedikt Hollinger (10 Jahre), Lars Neuendorf (10 Jahre), Johann Ehrmann (20 Jahre), Josef&nbsp; <a href=\"https:\/\/www.neimcke.de\/at\/mitarbeiter-feiern-ihr-firmenjubilaeum\/\">&hellip; Read more <i class=\"fa fa-arrow-right\"><\/i><\/a><\/p>\n","protected":false},"author":9,"featured_media":0,"comment_status":"open","ping_status":"open","sticky":false,"template":"","format":"standard","meta":{"_acf_changed":false,"footnotes":""},"categories":[1],"tags":[],"class_list":["post-952","post","type-post","status-publish","format-standard","hentry","category-unkategorisiert"],"acf":[],"yoast_head":"<!-- This site is optimized with the Yoast SEO plugin v26.7 - https:\/\/yoast.com\/wordpress\/plugins\/seo\/ -->\n<title>Mitarbeiter feiern ihr Firmenjubil\u00e4um - Neimcke - Weil jedes Teil z\u00e4hlt! Gro\u00dfhandel f\u00fcr Kfz-Ersatzteile, Verschlei\u00dfteile und Werkstatteinrichtung. | Gro\u00dfhandel, Autoteile, Autozubeh\u00f6r, Werkstatteinrichtung<\/title>\n<meta name=\"robots\" content=\"index, follow, max-snippet:-1, max-image-preview:large, max-video-preview:-1\" \/>\n<link rel=\"canonical\" href=\"https:\/\/www.neimcke.de\/mitarbeiter-feiern-ihr-firmenjubilaeum\/\" \/>\n<meta property=\"og:locale\" content=\"de_DE\" \/>\n<meta property=\"og:type\" content=\"article\" \/>\n<meta property=\"og:title\" content=\"Mitarbeiter feiern ihr Firmenjubil\u00e4um - Neimcke - Weil jedes Teil z\u00e4hlt! Gro\u00dfhandel f\u00fcr Kfz-Ersatzteile, Verschlei\u00dfteile und Werkstatteinrichtung. | Gro\u00dfhandel, Autoteile, Autozubeh\u00f6r, Werkstatteinrichtung\" \/>\n<meta property=\"og:description\" content=\"Die Firma Neimcke GmbH &amp; Co. KG ehrte im September bei einem gemeinsamen Essen alle Jubilare des Jahres 2016. Gesch\u00e4ftsf\u00fchrer J\u00f6rg Neimcke blickt zusammen mit seinen langj\u00e4hrigen Mitarbeitern\u00a0auf eine erfolgreiche Vergangenheit zur\u00fcck. hintere Reihe: Niederlassungsleiter M\u00fchldorf Klaus Bichlmaier, Betriebsleiter M\u00fcnchen Christian P\u00f6schmann, Benedikt Hollinger (10 Jahre), Lars Neuendorf (10 Jahre), Johann Ehrmann (20 Jahre), Josef&nbsp; &hellip; Read more\" \/>\n<meta property=\"og:url\" content=\"https:\/\/www.neimcke.de\/mitarbeiter-feiern-ihr-firmenjubilaeum\/\" \/>\n<meta property=\"og:site_name\" content=\"Neimcke - Weil jedes Teil z\u00e4hlt! Gro\u00dfhandel f\u00fcr Kfz-Ersatzteile, Verschlei\u00dfteile und Werkstatteinrichtung. | Gro\u00dfhandel, Autoteile, Autozubeh\u00f6r, Werkstatteinrichtung\" \/>\n<meta property=\"article:publisher\" content=\"https:\/\/de-de.facebook.com\/Neimcke\/\" \/>\n<meta property=\"article:published_time\" content=\"2016-10-04T18:05:29+00:00\" \/>\n<meta property=\"article:modified_time\" content=\"2017-04-28T08:13:55+00:00\" \/>\n<meta name=\"author\" content=\"Thomas Steiner\" \/>\n<meta name=\"twitter:card\" content=\"summary_large_image\" \/>\n<meta name=\"twitter:creator\" content=\"@neimcke\" \/>\n<meta name=\"twitter:site\" content=\"@neimcke\" \/>\n<meta name=\"twitter:label1\" content=\"Written by\" \/>\n\t<meta name=\"twitter:data1\" content=\"Thomas Steiner\" \/>\n\t<meta name=\"twitter:label2\" content=\"Est. reading time\" \/>\n\t<meta name=\"twitter:data2\" content=\"1 minute\" \/>\n<script type=\"application\/ld+json\" class=\"yoast-schema-graph\">{\"@context\":\"https:\/\/schema.org\",\"@graph\":[{\"@type\":\"Article\",\"@id\":\"https:\/\/www.neimcke.de\/mitarbeiter-feiern-ihr-firmenjubilaeum\/#article\",\"isPartOf\":{\"@id\":\"https:\/\/www.neimcke.de\/mitarbeiter-feiern-ihr-firmenjubilaeum\/\"},\"author\":{\"name\":\"Thomas Steiner\",\"@id\":\"https:\/\/www.neimcke.de\/#\/schema\/person\/79240196b1c916ccd920eaff33fb5620\"},\"headline\":\"Mitarbeiter feiern ihr Firmenjubil\u00e4um\",\"datePublished\":\"2016-10-04T18:05:29+00:00\",\"dateModified\":\"2017-04-28T08:13:55+00:00\",\"mainEntityOfPage\":{\"@id\":\"https:\/\/www.neimcke.de\/mitarbeiter-feiern-ihr-firmenjubilaeum\/\"},\"wordCount\":170,\"commentCount\":0,\"articleSection\":[\"Unkategorisiert\"],\"inLanguage\":\"de-AT\"},{\"@type\":\"WebPage\",\"@id\":\"https:\/\/www.neimcke.de\/mitarbeiter-feiern-ihr-firmenjubilaeum\/\",\"url\":\"https:\/\/www.neimcke.de\/mitarbeiter-feiern-ihr-firmenjubilaeum\/\",\"name\":\"Mitarbeiter feiern ihr Firmenjubil\u00e4um - Neimcke - Weil jedes Teil z\u00e4hlt! Gro\u00dfhandel f\u00fcr Kfz-Ersatzteile, Verschlei\u00dfteile und Werkstatteinrichtung. | Gro\u00dfhandel, Autoteile, Autozubeh\u00f6r, Werkstatteinrichtung\",\"isPartOf\":{\"@id\":\"https:\/\/www.neimcke.de\/#website\"},\"datePublished\":\"2016-10-04T18:05:29+00:00\",\"dateModified\":\"2017-04-28T08:13:55+00:00\",\"author\":{\"@id\":\"https:\/\/www.neimcke.de\/#\/schema\/person\/79240196b1c916ccd920eaff33fb5620\"},\"breadcrumb\":{\"@id\":\"https:\/\/www.neimcke.de\/mitarbeiter-feiern-ihr-firmenjubilaeum\/#breadcrumb\"},\"inLanguage\":\"de-AT\",\"potentialAction\":[{\"@type\":\"ReadAction\",\"target\":[\"https:\/\/www.neimcke.de\/mitarbeiter-feiern-ihr-firmenjubilaeum\/\"]}]},{\"@type\":\"BreadcrumbList\",\"@id\":\"https:\/\/www.neimcke.de\/mitarbeiter-feiern-ihr-firmenjubilaeum\/#breadcrumb\",\"itemListElement\":[{\"@type\":\"ListItem\",\"position\":1,\"name\":\"Startseite\",\"item\":\"https:\/\/www.neimcke.de\/at\/www-neimcke-de\/\"},{\"@type\":\"ListItem\",\"position\":2,\"name\":\"Mitarbeiter feiern ihr Firmenjubil\u00e4um\"}]},{\"@type\":\"WebSite\",\"@id\":\"https:\/\/www.neimcke.de\/#website\",\"url\":\"https:\/\/www.neimcke.de\/\",\"name\":\"Neimcke - Weil jedes Teil z\u00e4hlt! Gro\u00dfhandel f\u00fcr Kfz-Ersatzteile, Verschlei\u00dfteile und Werkstatteinrichtung. | Gro\u00dfhandel, Autoteile, Autozubeh\u00f6r, Werkstatteinrichtung\",\"description\":\"Weil jedes Teil z\u00e4hlt! Gro\u00dfhandel f\u00fcr Kfz-Ersatzteile, Verschlei\u00dfteile und Werkstatteinrichtung.\",\"potentialAction\":[{\"@type\":\"SearchAction\",\"target\":{\"@type\":\"EntryPoint\",\"urlTemplate\":\"https:\/\/www.neimcke.de\/?s={search_term_string}\"},\"query-input\":{\"@type\":\"PropertyValueSpecification\",\"valueRequired\":true,\"valueName\":\"search_term_string\"}}],\"inLanguage\":\"de-AT\"},{\"@type\":\"Person\",\"@id\":\"https:\/\/www.neimcke.de\/#\/schema\/person\/79240196b1c916ccd920eaff33fb5620\",\"name\":\"Thomas Steiner\",\"image\":{\"@type\":\"ImageObject\",\"inLanguage\":\"de-AT\",\"@id\":\"https:\/\/www.neimcke.de\/#\/schema\/person\/image\/\",\"url\":\"https:\/\/secure.gravatar.com\/avatar\/86da04914b2ee32923c672eed7095ef34270eac3a3c1951d32152792dd8f4da5?s=96&d=mm&r=g\",\"contentUrl\":\"https:\/\/secure.gravatar.com\/avatar\/86da04914b2ee32923c672eed7095ef34270eac3a3c1951d32152792dd8f4da5?s=96&d=mm&r=g\",\"caption\":\"Thomas Steiner\"},\"url\":\"https:\/\/www.neimcke.de\/at\/author\/bitminds\/\"}]}<\/script>\n<!-- \/ Yoast SEO plugin. -->","yoast_head_json":{"title":"Mitarbeiter feiern ihr Firmenjubil\u00e4um - Neimcke - Weil jedes Teil z\u00e4hlt! Gro\u00dfhandel f\u00fcr Kfz-Ersatzteile, Verschlei\u00dfteile und Werkstatteinrichtung. | Gro\u00dfhandel, Autoteile, Autozubeh\u00f6r, Werkstatteinrichtung","robots":{"index":"index","follow":"follow","max-snippet":"max-snippet:-1","max-image-preview":"max-image-preview:large","max-video-preview":"max-video-preview:-1"},"canonical":"https:\/\/www.neimcke.de\/mitarbeiter-feiern-ihr-firmenjubilaeum\/","og_locale":"de_DE","og_type":"article","og_title":"Mitarbeiter feiern ihr Firmenjubil\u00e4um - Neimcke - Weil jedes Teil z\u00e4hlt! Gro\u00dfhandel f\u00fcr Kfz-Ersatzteile, Verschlei\u00dfteile und Werkstatteinrichtung. | Gro\u00dfhandel, Autoteile, Autozubeh\u00f6r, Werkstatteinrichtung","og_description":"Die Firma Neimcke GmbH &amp; Co. KG ehrte im September bei einem gemeinsamen Essen alle Jubilare des Jahres 2016. Gesch\u00e4ftsf\u00fchrer J\u00f6rg Neimcke blickt zusammen mit seinen langj\u00e4hrigen Mitarbeitern\u00a0auf eine erfolgreiche Vergangenheit zur\u00fcck. hintere Reihe: Niederlassungsleiter M\u00fchldorf Klaus Bichlmaier, Betriebsleiter M\u00fcnchen Christian P\u00f6schmann, Benedikt Hollinger (10 Jahre), Lars Neuendorf (10 Jahre), Johann Ehrmann (20 Jahre), Josef&nbsp; &hellip; Read more","og_url":"https:\/\/www.neimcke.de\/mitarbeiter-feiern-ihr-firmenjubilaeum\/","og_site_name":"Neimcke - Weil jedes Teil z\u00e4hlt! Gro\u00dfhandel f\u00fcr Kfz-Ersatzteile, Verschlei\u00dfteile und Werkstatteinrichtung. | Gro\u00dfhandel, Autoteile, Autozubeh\u00f6r, Werkstatteinrichtung","article_publisher":"https:\/\/de-de.facebook.com\/Neimcke\/","article_published_time":"2016-10-04T18:05:29+00:00","article_modified_time":"2017-04-28T08:13:55+00:00","author":"Thomas Steiner","twitter_card":"summary_large_image","twitter_creator":"@neimcke","twitter_site":"@neimcke","twitter_misc":{"Written by":"Thomas Steiner","Est. reading time":"1 minute"},"schema":{"@context":"https:\/\/schema.org","@graph":[{"@type":"Article","@id":"https:\/\/www.neimcke.de\/mitarbeiter-feiern-ihr-firmenjubilaeum\/#article","isPartOf":{"@id":"https:\/\/www.neimcke.de\/mitarbeiter-feiern-ihr-firmenjubilaeum\/"},"author":{"name":"Thomas Steiner","@id":"https:\/\/www.neimcke.de\/#\/schema\/person\/79240196b1c916ccd920eaff33fb5620"},"headline":"Mitarbeiter feiern ihr Firmenjubil\u00e4um","datePublished":"2016-10-04T18:05:29+00:00","dateModified":"2017-04-28T08:13:55+00:00","mainEntityOfPage":{"@id":"https:\/\/www.neimcke.de\/mitarbeiter-feiern-ihr-firmenjubilaeum\/"},"wordCount":170,"commentCount":0,"articleSection":["Unkategorisiert"],"inLanguage":"de-AT"},{"@type":"WebPage","@id":"https:\/\/www.neimcke.de\/mitarbeiter-feiern-ihr-firmenjubilaeum\/","url":"https:\/\/www.neimcke.de\/mitarbeiter-feiern-ihr-firmenjubilaeum\/","name":"Mitarbeiter feiern ihr Firmenjubil\u00e4um - Neimcke - Weil jedes Teil z\u00e4hlt! Gro\u00dfhandel f\u00fcr Kfz-Ersatzteile, Verschlei\u00dfteile und Werkstatteinrichtung. | Gro\u00dfhandel, Autoteile, Autozubeh\u00f6r, Werkstatteinrichtung","isPartOf":{"@id":"https:\/\/www.neimcke.de\/#website"},"datePublished":"2016-10-04T18:05:29+00:00","dateModified":"2017-04-28T08:13:55+00:00","author":{"@id":"https:\/\/www.neimcke.de\/#\/schema\/person\/79240196b1c916ccd920eaff33fb5620"},"breadcrumb":{"@id":"https:\/\/www.neimcke.de\/mitarbeiter-feiern-ihr-firmenjubilaeum\/#breadcrumb"},"inLanguage":"de-AT","potentialAction":[{"@type":"ReadAction","target":["https:\/\/www.neimcke.de\/mitarbeiter-feiern-ihr-firmenjubilaeum\/"]}]},{"@type":"BreadcrumbList","@id":"https:\/\/www.neimcke.de\/mitarbeiter-feiern-ihr-firmenjubilaeum\/#breadcrumb","itemListElement":[{"@type":"ListItem","position":1,"name":"Startseite","item":"https:\/\/www.neimcke.de\/at\/www-neimcke-de\/"},{"@type":"ListItem","position":2,"name":"Mitarbeiter feiern ihr Firmenjubil\u00e4um"}]},{"@type":"WebSite","@id":"https:\/\/www.neimcke.de\/#website","url":"https:\/\/www.neimcke.de\/","name":"Neimcke - Weil jedes Teil z\u00e4hlt! Gro\u00dfhandel f\u00fcr Kfz-Ersatzteile, Verschlei\u00dfteile und Werkstatteinrichtung. | Gro\u00dfhandel, Autoteile, Autozubeh\u00f6r, Werkstatteinrichtung","description":"Weil jedes Teil z\u00e4hlt! Gro\u00dfhandel f\u00fcr Kfz-Ersatzteile, Verschlei\u00dfteile und Werkstatteinrichtung.","potentialAction":[{"@type":"SearchAction","target":{"@type":"EntryPoint","urlTemplate":"https:\/\/www.neimcke.de\/?s={search_term_string}"},"query-input":{"@type":"PropertyValueSpecification","valueRequired":true,"valueName":"search_term_string"}}],"inLanguage":"de-AT"},{"@type":"Person","@id":"https:\/\/www.neimcke.de\/#\/schema\/person\/79240196b1c916ccd920eaff33fb5620","name":"Thomas Steiner","image":{"@type":"ImageObject","inLanguage":"de-AT","@id":"https:\/\/www.neimcke.de\/#\/schema\/person\/image\/","url":"https:\/\/secure.gravatar.com\/avatar\/86da04914b2ee32923c672eed7095ef34270eac3a3c1951d32152792dd8f4da5?s=96&d=mm&r=g","contentUrl":"https:\/\/secure.gravatar.com\/avatar\/86da04914b2ee32923c672eed7095ef34270eac3a3c1951d32152792dd8f4da5?s=96&d=mm&r=g","caption":"Thomas Steiner"},"url":"https:\/\/www.neimcke.de\/at\/author\/bitminds\/"}]}},"_links":{"self":[{"href":"https:\/\/www.neimcke.de\/at\/wp-json\/wp\/v2\/posts\/952","targetHints":{"allow":["GET"]}}],"collection":[{"href":"https:\/\/www.neimcke.de\/at\/wp-json\/wp\/v2\/posts"}],"about":[{"href":"https:\/\/www.neimcke.de\/at\/wp-json\/wp\/v2\/types\/post"}],"author":[{"embeddable":true,"href":"https:\/\/www.neimcke.de\/at\/wp-json\/wp\/v2\/users\/9"}],"replies":[{"embeddable":true,"href":"https:\/\/www.neimcke.de\/at\/wp-json\/wp\/v2\/comments?post=952"}],"version-history":[{"count":6,"href":"https:\/\/www.neimcke.de\/at\/wp-json\/wp\/v2\/posts\/952\/revisions"}],"predecessor-version":[{"id":1830,"href":"https:\/\/www.neimcke.de\/at\/wp-json\/wp\/v2\/posts\/952\/revisions\/1830"}],"wp:attachment":[{"href":"https:\/\/www.neimcke.de\/at\/wp-json\/wp\/v2\/media?parent=952"}],"wp:term":[{"taxonomy":"category","embeddable":true,"href":"https:\/\/www.neimcke.de\/at\/wp-json\/wp\/v2\/categories?post=952"},{"taxonomy":"post_tag","embeddable":true,"href":"https:\/\/www.neimcke.de\/at\/wp-json\/wp\/v2\/tags?post=952"}],"curies":[{"name":"wp","href":"https:\/\/api.w.org\/{rel}","templated":true}]}}