{"id":9157,"date":"2024-07-02T16:49:00","date_gmt":"2024-07-02T14:49:00","guid":{"rendered":"https:\/\/www.neimcke.de\/?p=9157"},"modified":"2025-02-03T16:50:40","modified_gmt":"2025-02-03T15:50:40","slug":"chiemgauer-firmenlauf-2","status":"publish","type":"post","link":"https:\/\/www.neimcke.de\/at\/chiemgauer-firmenlauf-2\/","title":{"rendered":"Chiemgauer Firmenlauf"},"content":{"rendered":"\n<p>Das Team NEIMCKE war beim 2. Chiemgauer Firmenlauf mit dabei! Die knapp 5 km lange Strecke f\u00fchrte vom Chiemseering zum Platz der Begegnung. Das Sch\u00f6ne am Firmenlauf ist, dass hier Mitarbeiter von den Chiemgauer Unternehmen gemeinsam laufen und sich treffen. Anschlie\u00dfend lie\u00dfen wir den Abend in gem\u00fctlicher Runde im Biergarten ausklingen!<\/p>\n","protected":false},"excerpt":{"rendered":"<p>Das Team NEIMCKE war beim 2. Chiemgauer Firmenlauf mit dabei! Die knapp 5 km lange Strecke f\u00fchrte vom Chiemseering zum Platz der Begegnung. Das Sch\u00f6ne am Firmenlauf ist, dass hier Mitarbeiter von den Chiemgauer Unternehmen gemeinsam laufen und sich treffen. Anschlie\u00dfend lie\u00dfen wir den Abend in gem\u00fctlicher Runde im Biergarten ausklingen!<\/p>\n","protected":false},"author":11,"featured_media":0,"comment_status":"closed","ping_status":"closed","sticky":false,"template":"","format":"standard","meta":{"_acf_changed":false,"footnotes":""},"categories":[1],"tags":[],"class_list":["post-9157","post","type-post","status-publish","format-standard","hentry","category-unkategorisiert"],"acf":[],"yoast_head":"<!-- This site is optimized with the Yoast SEO plugin v26.7 - https:\/\/yoast.com\/wordpress\/plugins\/seo\/ -->\n<title>Chiemgauer Firmenlauf - Neimcke - Weil jedes Teil z\u00e4hlt! Gro\u00dfhandel f\u00fcr Kfz-Ersatzteile, Verschlei\u00dfteile und Werkstatteinrichtung. | Gro\u00dfhandel, Autoteile, Autozubeh\u00f6r, Werkstatteinrichtung<\/title>\n<meta name=\"description\" content=\"Das Team NEIMCKE war beim 2. Chiemgauer Firmenlauf mit dabei! Die knapp 5 km lange Strecke f\u00fchrte vom Chiemseering zum Platz der Begegnung.\" \/>\n<meta name=\"robots\" content=\"index, follow, max-snippet:-1, max-image-preview:large, max-video-preview:-1\" \/>\n<link rel=\"canonical\" href=\"https:\/\/www.neimcke.de\/chiemgauer-firmenlauf-2\/\" \/>\n<meta property=\"og:locale\" content=\"de_DE\" \/>\n<meta property=\"og:type\" content=\"article\" \/>\n<meta property=\"og:title\" content=\"Chiemgauer Firmenlauf - Neimcke - Weil jedes Teil z\u00e4hlt! Gro\u00dfhandel f\u00fcr Kfz-Ersatzteile, Verschlei\u00dfteile und Werkstatteinrichtung. | Gro\u00dfhandel, Autoteile, Autozubeh\u00f6r, Werkstatteinrichtung\" \/>\n<meta property=\"og:description\" content=\"Das Team NEIMCKE war beim 2. Chiemgauer Firmenlauf mit dabei! Die knapp 5 km lange Strecke f\u00fchrte vom Chiemseering zum Platz der Begegnung.\" \/>\n<meta property=\"og:url\" content=\"https:\/\/www.neimcke.de\/chiemgauer-firmenlauf-2\/\" \/>\n<meta property=\"og:site_name\" content=\"Neimcke - Weil jedes Teil z\u00e4hlt! Gro\u00dfhandel f\u00fcr Kfz-Ersatzteile, Verschlei\u00dfteile und Werkstatteinrichtung. | Gro\u00dfhandel, Autoteile, Autozubeh\u00f6r, Werkstatteinrichtung\" \/>\n<meta property=\"article:publisher\" content=\"https:\/\/de-de.facebook.com\/Neimcke\/\" \/>\n<meta property=\"article:published_time\" content=\"2024-07-02T14:49:00+00:00\" \/>\n<meta property=\"article:modified_time\" content=\"2025-02-03T15:50:40+00:00\" \/>\n<meta name=\"author\" content=\"p.bierl\" \/>\n<meta name=\"twitter:card\" content=\"summary_large_image\" \/>\n<meta name=\"twitter:creator\" content=\"@neimcke\" \/>\n<meta name=\"twitter:site\" content=\"@neimcke\" \/>\n<meta name=\"twitter:label1\" content=\"Written by\" \/>\n\t<meta name=\"twitter:data1\" content=\"p.bierl\" \/>\n\t<meta name=\"twitter:label2\" content=\"Est. reading time\" \/>\n\t<meta name=\"twitter:data2\" content=\"1 minute\" \/>\n<script type=\"application\/ld+json\" class=\"yoast-schema-graph\">{\"@context\":\"https:\/\/schema.org\",\"@graph\":[{\"@type\":\"Article\",\"@id\":\"https:\/\/www.neimcke.de\/chiemgauer-firmenlauf-2\/#article\",\"isPartOf\":{\"@id\":\"https:\/\/www.neimcke.de\/chiemgauer-firmenlauf-2\/\"},\"author\":{\"name\":\"p.bierl\",\"@id\":\"https:\/\/www.neimcke.de\/#\/schema\/person\/e9f68bc1454c25d57fb6bd335443ed98\"},\"headline\":\"Chiemgauer Firmenlauf\",\"datePublished\":\"2024-07-02T14:49:00+00:00\",\"dateModified\":\"2025-02-03T15:50:40+00:00\",\"mainEntityOfPage\":{\"@id\":\"https:\/\/www.neimcke.de\/chiemgauer-firmenlauf-2\/\"},\"wordCount\":56,\"articleSection\":[\"Unkategorisiert\"],\"inLanguage\":\"de-AT\"},{\"@type\":\"WebPage\",\"@id\":\"https:\/\/www.neimcke.de\/chiemgauer-firmenlauf-2\/\",\"url\":\"https:\/\/www.neimcke.de\/chiemgauer-firmenlauf-2\/\",\"name\":\"Chiemgauer Firmenlauf - Neimcke - Weil jedes Teil z\u00e4hlt! Gro\u00dfhandel f\u00fcr Kfz-Ersatzteile, Verschlei\u00dfteile und Werkstatteinrichtung. | Gro\u00dfhandel, Autoteile, Autozubeh\u00f6r, Werkstatteinrichtung\",\"isPartOf\":{\"@id\":\"https:\/\/www.neimcke.de\/#website\"},\"datePublished\":\"2024-07-02T14:49:00+00:00\",\"dateModified\":\"2025-02-03T15:50:40+00:00\",\"author\":{\"@id\":\"https:\/\/www.neimcke.de\/#\/schema\/person\/e9f68bc1454c25d57fb6bd335443ed98\"},\"description\":\"Das Team NEIMCKE war beim 2. Chiemgauer Firmenlauf mit dabei! Die knapp 5 km lange Strecke f\u00fchrte vom Chiemseering zum Platz der Begegnung.\",\"breadcrumb\":{\"@id\":\"https:\/\/www.neimcke.de\/chiemgauer-firmenlauf-2\/#breadcrumb\"},\"inLanguage\":\"de-AT\",\"potentialAction\":[{\"@type\":\"ReadAction\",\"target\":[\"https:\/\/www.neimcke.de\/chiemgauer-firmenlauf-2\/\"]}]},{\"@type\":\"BreadcrumbList\",\"@id\":\"https:\/\/www.neimcke.de\/chiemgauer-firmenlauf-2\/#breadcrumb\",\"itemListElement\":[{\"@type\":\"ListItem\",\"position\":1,\"name\":\"Startseite\",\"item\":\"https:\/\/www.neimcke.de\/at\/www-neimcke-de\/\"},{\"@type\":\"ListItem\",\"position\":2,\"name\":\"Chiemgauer Firmenlauf\"}]},{\"@type\":\"WebSite\",\"@id\":\"https:\/\/www.neimcke.de\/#website\",\"url\":\"https:\/\/www.neimcke.de\/\",\"name\":\"Neimcke - Weil jedes Teil z\u00e4hlt! Gro\u00dfhandel f\u00fcr Kfz-Ersatzteile, Verschlei\u00dfteile und Werkstatteinrichtung. | Gro\u00dfhandel, Autoteile, Autozubeh\u00f6r, Werkstatteinrichtung\",\"description\":\"Weil jedes Teil z\u00e4hlt! Gro\u00dfhandel f\u00fcr Kfz-Ersatzteile, Verschlei\u00dfteile und Werkstatteinrichtung.\",\"potentialAction\":[{\"@type\":\"SearchAction\",\"target\":{\"@type\":\"EntryPoint\",\"urlTemplate\":\"https:\/\/www.neimcke.de\/?s={search_term_string}\"},\"query-input\":{\"@type\":\"PropertyValueSpecification\",\"valueRequired\":true,\"valueName\":\"search_term_string\"}}],\"inLanguage\":\"de-AT\"},{\"@type\":\"Person\",\"@id\":\"https:\/\/www.neimcke.de\/#\/schema\/person\/e9f68bc1454c25d57fb6bd335443ed98\",\"name\":\"p.bierl\",\"image\":{\"@type\":\"ImageObject\",\"inLanguage\":\"de-AT\",\"@id\":\"https:\/\/www.neimcke.de\/#\/schema\/person\/image\/\",\"url\":\"https:\/\/secure.gravatar.com\/avatar\/838f8fdac88d6a884f89cd00def918f83bb101f98305f1d7d8eacfd892b7e626?s=96&d=mm&r=g\",\"contentUrl\":\"https:\/\/secure.gravatar.com\/avatar\/838f8fdac88d6a884f89cd00def918f83bb101f98305f1d7d8eacfd892b7e626?s=96&d=mm&r=g\",\"caption\":\"p.bierl\"},\"url\":\"https:\/\/www.neimcke.de\/at\/author\/p-bierl\/\"}]}<\/script>\n<!-- \/ Yoast SEO plugin. -->","yoast_head_json":{"title":"Chiemgauer Firmenlauf - Neimcke - Weil jedes Teil z\u00e4hlt! Gro\u00dfhandel f\u00fcr Kfz-Ersatzteile, Verschlei\u00dfteile und Werkstatteinrichtung. | Gro\u00dfhandel, Autoteile, Autozubeh\u00f6r, Werkstatteinrichtung","description":"Das Team NEIMCKE war beim 2. Chiemgauer Firmenlauf mit dabei! Die knapp 5 km lange Strecke f\u00fchrte vom Chiemseering zum Platz der Begegnung.","robots":{"index":"index","follow":"follow","max-snippet":"max-snippet:-1","max-image-preview":"max-image-preview:large","max-video-preview":"max-video-preview:-1"},"canonical":"https:\/\/www.neimcke.de\/chiemgauer-firmenlauf-2\/","og_locale":"de_DE","og_type":"article","og_title":"Chiemgauer Firmenlauf - Neimcke - Weil jedes Teil z\u00e4hlt! Gro\u00dfhandel f\u00fcr Kfz-Ersatzteile, Verschlei\u00dfteile und Werkstatteinrichtung. | Gro\u00dfhandel, Autoteile, Autozubeh\u00f6r, Werkstatteinrichtung","og_description":"Das Team NEIMCKE war beim 2. Chiemgauer Firmenlauf mit dabei! Die knapp 5 km lange Strecke f\u00fchrte vom Chiemseering zum Platz der Begegnung.","og_url":"https:\/\/www.neimcke.de\/chiemgauer-firmenlauf-2\/","og_site_name":"Neimcke - Weil jedes Teil z\u00e4hlt! Gro\u00dfhandel f\u00fcr Kfz-Ersatzteile, Verschlei\u00dfteile und Werkstatteinrichtung. | Gro\u00dfhandel, Autoteile, Autozubeh\u00f6r, Werkstatteinrichtung","article_publisher":"https:\/\/de-de.facebook.com\/Neimcke\/","article_published_time":"2024-07-02T14:49:00+00:00","article_modified_time":"2025-02-03T15:50:40+00:00","author":"p.bierl","twitter_card":"summary_large_image","twitter_creator":"@neimcke","twitter_site":"@neimcke","twitter_misc":{"Written by":"p.bierl","Est. reading time":"1 minute"},"schema":{"@context":"https:\/\/schema.org","@graph":[{"@type":"Article","@id":"https:\/\/www.neimcke.de\/chiemgauer-firmenlauf-2\/#article","isPartOf":{"@id":"https:\/\/www.neimcke.de\/chiemgauer-firmenlauf-2\/"},"author":{"name":"p.bierl","@id":"https:\/\/www.neimcke.de\/#\/schema\/person\/e9f68bc1454c25d57fb6bd335443ed98"},"headline":"Chiemgauer Firmenlauf","datePublished":"2024-07-02T14:49:00+00:00","dateModified":"2025-02-03T15:50:40+00:00","mainEntityOfPage":{"@id":"https:\/\/www.neimcke.de\/chiemgauer-firmenlauf-2\/"},"wordCount":56,"articleSection":["Unkategorisiert"],"inLanguage":"de-AT"},{"@type":"WebPage","@id":"https:\/\/www.neimcke.de\/chiemgauer-firmenlauf-2\/","url":"https:\/\/www.neimcke.de\/chiemgauer-firmenlauf-2\/","name":"Chiemgauer Firmenlauf - Neimcke - Weil jedes Teil z\u00e4hlt! Gro\u00dfhandel f\u00fcr Kfz-Ersatzteile, Verschlei\u00dfteile und Werkstatteinrichtung. | Gro\u00dfhandel, Autoteile, Autozubeh\u00f6r, Werkstatteinrichtung","isPartOf":{"@id":"https:\/\/www.neimcke.de\/#website"},"datePublished":"2024-07-02T14:49:00+00:00","dateModified":"2025-02-03T15:50:40+00:00","author":{"@id":"https:\/\/www.neimcke.de\/#\/schema\/person\/e9f68bc1454c25d57fb6bd335443ed98"},"description":"Das Team NEIMCKE war beim 2. Chiemgauer Firmenlauf mit dabei! Die knapp 5 km lange Strecke f\u00fchrte vom Chiemseering zum Platz der Begegnung.","breadcrumb":{"@id":"https:\/\/www.neimcke.de\/chiemgauer-firmenlauf-2\/#breadcrumb"},"inLanguage":"de-AT","potentialAction":[{"@type":"ReadAction","target":["https:\/\/www.neimcke.de\/chiemgauer-firmenlauf-2\/"]}]},{"@type":"BreadcrumbList","@id":"https:\/\/www.neimcke.de\/chiemgauer-firmenlauf-2\/#breadcrumb","itemListElement":[{"@type":"ListItem","position":1,"name":"Startseite","item":"https:\/\/www.neimcke.de\/at\/www-neimcke-de\/"},{"@type":"ListItem","position":2,"name":"Chiemgauer Firmenlauf"}]},{"@type":"WebSite","@id":"https:\/\/www.neimcke.de\/#website","url":"https:\/\/www.neimcke.de\/","name":"Neimcke - Weil jedes Teil z\u00e4hlt! Gro\u00dfhandel f\u00fcr Kfz-Ersatzteile, Verschlei\u00dfteile und Werkstatteinrichtung. | Gro\u00dfhandel, Autoteile, Autozubeh\u00f6r, Werkstatteinrichtung","description":"Weil jedes Teil z\u00e4hlt! Gro\u00dfhandel f\u00fcr Kfz-Ersatzteile, Verschlei\u00dfteile und Werkstatteinrichtung.","potentialAction":[{"@type":"SearchAction","target":{"@type":"EntryPoint","urlTemplate":"https:\/\/www.neimcke.de\/?s={search_term_string}"},"query-input":{"@type":"PropertyValueSpecification","valueRequired":true,"valueName":"search_term_string"}}],"inLanguage":"de-AT"},{"@type":"Person","@id":"https:\/\/www.neimcke.de\/#\/schema\/person\/e9f68bc1454c25d57fb6bd335443ed98","name":"p.bierl","image":{"@type":"ImageObject","inLanguage":"de-AT","@id":"https:\/\/www.neimcke.de\/#\/schema\/person\/image\/","url":"https:\/\/secure.gravatar.com\/avatar\/838f8fdac88d6a884f89cd00def918f83bb101f98305f1d7d8eacfd892b7e626?s=96&d=mm&r=g","contentUrl":"https:\/\/secure.gravatar.com\/avatar\/838f8fdac88d6a884f89cd00def918f83bb101f98305f1d7d8eacfd892b7e626?s=96&d=mm&r=g","caption":"p.bierl"},"url":"https:\/\/www.neimcke.de\/at\/author\/p-bierl\/"}]}},"_links":{"self":[{"href":"https:\/\/www.neimcke.de\/at\/wp-json\/wp\/v2\/posts\/9157","targetHints":{"allow":["GET"]}}],"collection":[{"href":"https:\/\/www.neimcke.de\/at\/wp-json\/wp\/v2\/posts"}],"about":[{"href":"https:\/\/www.neimcke.de\/at\/wp-json\/wp\/v2\/types\/post"}],"author":[{"embeddable":true,"href":"https:\/\/www.neimcke.de\/at\/wp-json\/wp\/v2\/users\/11"}],"replies":[{"embeddable":true,"href":"https:\/\/www.neimcke.de\/at\/wp-json\/wp\/v2\/comments?post=9157"}],"version-history":[{"count":1,"href":"https:\/\/www.neimcke.de\/at\/wp-json\/wp\/v2\/posts\/9157\/revisions"}],"predecessor-version":[{"id":9160,"href":"https:\/\/www.neimcke.de\/at\/wp-json\/wp\/v2\/posts\/9157\/revisions\/9160"}],"wp:attachment":[{"href":"https:\/\/www.neimcke.de\/at\/wp-json\/wp\/v2\/media?parent=9157"}],"wp:term":[{"taxonomy":"category","embeddable":true,"href":"https:\/\/www.neimcke.de\/at\/wp-json\/wp\/v2\/categories?post=9157"},{"taxonomy":"post_tag","embeddable":true,"href":"https:\/\/www.neimcke.de\/at\/wp-json\/wp\/v2\/tags?post=9157"}],"curies":[{"name":"wp","href":"https:\/\/api.w.org\/{rel}","templated":true}]}}