{"id":9077,"date":"2022-12-21T16:00:00","date_gmt":"2022-12-21T15:00:00","guid":{"rendered":"https:\/\/www.neimcke.de\/?p=9077"},"modified":"2025-02-03T16:02:20","modified_gmt":"2025-02-03T15:02:20","slug":"gemeinsames-weihnachtsessen","status":"publish","type":"post","link":"https:\/\/www.neimcke.de\/at\/gemeinsames-weihnachtsessen\/","title":{"rendered":"Gemeinsames Weihnachtsessen"},"content":{"rendered":"\n<p>Gestern wurde aufgekocht in unserer Niederlassung in M\u00fchldorf! Gemeinsam wurde in unseren K\u00fcchen im Erdgeschoss und 1. Stock ein leckeres Weihnachtsessen f\u00fcr die Mannschaft gekocht. Mit geholfen hat, wer gerade Zeit hatte. Ein sch\u00f6ner Jahresabschluss bei Schweinebraten mit Kn\u00f6del &amp; Kraut!<\/p>\n","protected":false},"excerpt":{"rendered":"<p>Gestern wurde aufgekocht in unserer Niederlassung in M\u00fchldorf! Gemeinsam wurde in unseren K\u00fcchen im Erdgeschoss und 1. Stock ein leckeres Weihnachtsessen f\u00fcr die Mannschaft gekocht. Mit geholfen hat, wer gerade Zeit hatte. Ein sch\u00f6ner Jahresabschluss bei Schweinebraten mit Kn\u00f6del &amp; Kraut!<\/p>\n","protected":false},"author":11,"featured_media":0,"comment_status":"closed","ping_status":"closed","sticky":false,"template":"","format":"standard","meta":{"_acf_changed":false,"footnotes":""},"categories":[1],"tags":[],"class_list":["post-9077","post","type-post","status-publish","format-standard","hentry","category-unkategorisiert"],"acf":[],"yoast_head":"<!-- This site is optimized with the Yoast SEO plugin v26.7 - https:\/\/yoast.com\/wordpress\/plugins\/seo\/ -->\n<title>Gemeinsames Weihnachtsessen - Neimcke - Weil jedes Teil z\u00e4hlt! Gro\u00dfhandel f\u00fcr Kfz-Ersatzteile, Verschlei\u00dfteile und Werkstatteinrichtung. | Gro\u00dfhandel, Autoteile, Autozubeh\u00f6r, Werkstatteinrichtung<\/title>\n<meta name=\"description\" content=\"Gestern wurde aufgekocht in unserer Niederlassung in M\u00fchldorf! Gemeinsam wurde ein leckeres Weihnachtsessen f\u00fcr die Mannschaft gekocht!\" \/>\n<meta name=\"robots\" content=\"index, follow, max-snippet:-1, max-image-preview:large, max-video-preview:-1\" \/>\n<link rel=\"canonical\" href=\"https:\/\/www.neimcke.de\/gemeinsames-weihnachtsessen\/\" \/>\n<meta property=\"og:locale\" content=\"de_DE\" \/>\n<meta property=\"og:type\" content=\"article\" \/>\n<meta property=\"og:title\" content=\"Gemeinsames Weihnachtsessen - Neimcke - Weil jedes Teil z\u00e4hlt! Gro\u00dfhandel f\u00fcr Kfz-Ersatzteile, Verschlei\u00dfteile und Werkstatteinrichtung. | Gro\u00dfhandel, Autoteile, Autozubeh\u00f6r, Werkstatteinrichtung\" \/>\n<meta property=\"og:description\" content=\"Gestern wurde aufgekocht in unserer Niederlassung in M\u00fchldorf! Gemeinsam wurde ein leckeres Weihnachtsessen f\u00fcr die Mannschaft gekocht!\" \/>\n<meta property=\"og:url\" content=\"https:\/\/www.neimcke.de\/gemeinsames-weihnachtsessen\/\" \/>\n<meta property=\"og:site_name\" content=\"Neimcke - Weil jedes Teil z\u00e4hlt! Gro\u00dfhandel f\u00fcr Kfz-Ersatzteile, Verschlei\u00dfteile und Werkstatteinrichtung. | Gro\u00dfhandel, Autoteile, Autozubeh\u00f6r, Werkstatteinrichtung\" \/>\n<meta property=\"article:publisher\" content=\"https:\/\/de-de.facebook.com\/Neimcke\/\" \/>\n<meta property=\"article:published_time\" content=\"2022-12-21T15:00:00+00:00\" \/>\n<meta property=\"article:modified_time\" content=\"2025-02-03T15:02:20+00:00\" \/>\n<meta name=\"author\" content=\"p.bierl\" \/>\n<meta name=\"twitter:card\" content=\"summary_large_image\" \/>\n<meta name=\"twitter:creator\" content=\"@neimcke\" \/>\n<meta name=\"twitter:site\" content=\"@neimcke\" \/>\n<meta name=\"twitter:label1\" content=\"Written by\" \/>\n\t<meta name=\"twitter:data1\" content=\"p.bierl\" \/>\n\t<meta name=\"twitter:label2\" content=\"Est. reading time\" \/>\n\t<meta name=\"twitter:data2\" content=\"1 minute\" \/>\n<script type=\"application\/ld+json\" class=\"yoast-schema-graph\">{\"@context\":\"https:\/\/schema.org\",\"@graph\":[{\"@type\":\"Article\",\"@id\":\"https:\/\/www.neimcke.de\/gemeinsames-weihnachtsessen\/#article\",\"isPartOf\":{\"@id\":\"https:\/\/www.neimcke.de\/gemeinsames-weihnachtsessen\/\"},\"author\":{\"name\":\"p.bierl\",\"@id\":\"https:\/\/www.neimcke.de\/#\/schema\/person\/e9f68bc1454c25d57fb6bd335443ed98\"},\"headline\":\"Gemeinsames Weihnachtsessen\",\"datePublished\":\"2022-12-21T15:00:00+00:00\",\"dateModified\":\"2025-02-03T15:02:20+00:00\",\"mainEntityOfPage\":{\"@id\":\"https:\/\/www.neimcke.de\/gemeinsames-weihnachtsessen\/\"},\"wordCount\":47,\"articleSection\":[\"Unkategorisiert\"],\"inLanguage\":\"de-AT\"},{\"@type\":\"WebPage\",\"@id\":\"https:\/\/www.neimcke.de\/gemeinsames-weihnachtsessen\/\",\"url\":\"https:\/\/www.neimcke.de\/gemeinsames-weihnachtsessen\/\",\"name\":\"Gemeinsames Weihnachtsessen - Neimcke - Weil jedes Teil z\u00e4hlt! Gro\u00dfhandel f\u00fcr Kfz-Ersatzteile, Verschlei\u00dfteile und Werkstatteinrichtung. | Gro\u00dfhandel, Autoteile, Autozubeh\u00f6r, Werkstatteinrichtung\",\"isPartOf\":{\"@id\":\"https:\/\/www.neimcke.de\/#website\"},\"datePublished\":\"2022-12-21T15:00:00+00:00\",\"dateModified\":\"2025-02-03T15:02:20+00:00\",\"author\":{\"@id\":\"https:\/\/www.neimcke.de\/#\/schema\/person\/e9f68bc1454c25d57fb6bd335443ed98\"},\"description\":\"Gestern wurde aufgekocht in unserer Niederlassung in M\u00fchldorf! Gemeinsam wurde ein leckeres Weihnachtsessen f\u00fcr die Mannschaft gekocht!\",\"breadcrumb\":{\"@id\":\"https:\/\/www.neimcke.de\/gemeinsames-weihnachtsessen\/#breadcrumb\"},\"inLanguage\":\"de-AT\",\"potentialAction\":[{\"@type\":\"ReadAction\",\"target\":[\"https:\/\/www.neimcke.de\/gemeinsames-weihnachtsessen\/\"]}]},{\"@type\":\"BreadcrumbList\",\"@id\":\"https:\/\/www.neimcke.de\/gemeinsames-weihnachtsessen\/#breadcrumb\",\"itemListElement\":[{\"@type\":\"ListItem\",\"position\":1,\"name\":\"Startseite\",\"item\":\"https:\/\/www.neimcke.de\/at\/www-neimcke-de\/\"},{\"@type\":\"ListItem\",\"position\":2,\"name\":\"Gemeinsames Weihnachtsessen\"}]},{\"@type\":\"WebSite\",\"@id\":\"https:\/\/www.neimcke.de\/#website\",\"url\":\"https:\/\/www.neimcke.de\/\",\"name\":\"Neimcke - Weil jedes Teil z\u00e4hlt! Gro\u00dfhandel f\u00fcr Kfz-Ersatzteile, Verschlei\u00dfteile und Werkstatteinrichtung. | Gro\u00dfhandel, Autoteile, Autozubeh\u00f6r, Werkstatteinrichtung\",\"description\":\"Weil jedes Teil z\u00e4hlt! Gro\u00dfhandel f\u00fcr Kfz-Ersatzteile, Verschlei\u00dfteile und Werkstatteinrichtung.\",\"potentialAction\":[{\"@type\":\"SearchAction\",\"target\":{\"@type\":\"EntryPoint\",\"urlTemplate\":\"https:\/\/www.neimcke.de\/?s={search_term_string}\"},\"query-input\":{\"@type\":\"PropertyValueSpecification\",\"valueRequired\":true,\"valueName\":\"search_term_string\"}}],\"inLanguage\":\"de-AT\"},{\"@type\":\"Person\",\"@id\":\"https:\/\/www.neimcke.de\/#\/schema\/person\/e9f68bc1454c25d57fb6bd335443ed98\",\"name\":\"p.bierl\",\"image\":{\"@type\":\"ImageObject\",\"inLanguage\":\"de-AT\",\"@id\":\"https:\/\/www.neimcke.de\/#\/schema\/person\/image\/\",\"url\":\"https:\/\/secure.gravatar.com\/avatar\/838f8fdac88d6a884f89cd00def918f83bb101f98305f1d7d8eacfd892b7e626?s=96&d=mm&r=g\",\"contentUrl\":\"https:\/\/secure.gravatar.com\/avatar\/838f8fdac88d6a884f89cd00def918f83bb101f98305f1d7d8eacfd892b7e626?s=96&d=mm&r=g\",\"caption\":\"p.bierl\"},\"url\":\"https:\/\/www.neimcke.de\/at\/author\/p-bierl\/\"}]}<\/script>\n<!-- \/ Yoast SEO plugin. -->","yoast_head_json":{"title":"Gemeinsames Weihnachtsessen - Neimcke - Weil jedes Teil z\u00e4hlt! Gro\u00dfhandel f\u00fcr Kfz-Ersatzteile, Verschlei\u00dfteile und Werkstatteinrichtung. | Gro\u00dfhandel, Autoteile, Autozubeh\u00f6r, Werkstatteinrichtung","description":"Gestern wurde aufgekocht in unserer Niederlassung in M\u00fchldorf! Gemeinsam wurde ein leckeres Weihnachtsessen f\u00fcr die Mannschaft gekocht!","robots":{"index":"index","follow":"follow","max-snippet":"max-snippet:-1","max-image-preview":"max-image-preview:large","max-video-preview":"max-video-preview:-1"},"canonical":"https:\/\/www.neimcke.de\/gemeinsames-weihnachtsessen\/","og_locale":"de_DE","og_type":"article","og_title":"Gemeinsames Weihnachtsessen - Neimcke - Weil jedes Teil z\u00e4hlt! Gro\u00dfhandel f\u00fcr Kfz-Ersatzteile, Verschlei\u00dfteile und Werkstatteinrichtung. | Gro\u00dfhandel, Autoteile, Autozubeh\u00f6r, Werkstatteinrichtung","og_description":"Gestern wurde aufgekocht in unserer Niederlassung in M\u00fchldorf! Gemeinsam wurde ein leckeres Weihnachtsessen f\u00fcr die Mannschaft gekocht!","og_url":"https:\/\/www.neimcke.de\/gemeinsames-weihnachtsessen\/","og_site_name":"Neimcke - Weil jedes Teil z\u00e4hlt! Gro\u00dfhandel f\u00fcr Kfz-Ersatzteile, Verschlei\u00dfteile und Werkstatteinrichtung. | Gro\u00dfhandel, Autoteile, Autozubeh\u00f6r, Werkstatteinrichtung","article_publisher":"https:\/\/de-de.facebook.com\/Neimcke\/","article_published_time":"2022-12-21T15:00:00+00:00","article_modified_time":"2025-02-03T15:02:20+00:00","author":"p.bierl","twitter_card":"summary_large_image","twitter_creator":"@neimcke","twitter_site":"@neimcke","twitter_misc":{"Written by":"p.bierl","Est. reading time":"1 minute"},"schema":{"@context":"https:\/\/schema.org","@graph":[{"@type":"Article","@id":"https:\/\/www.neimcke.de\/gemeinsames-weihnachtsessen\/#article","isPartOf":{"@id":"https:\/\/www.neimcke.de\/gemeinsames-weihnachtsessen\/"},"author":{"name":"p.bierl","@id":"https:\/\/www.neimcke.de\/#\/schema\/person\/e9f68bc1454c25d57fb6bd335443ed98"},"headline":"Gemeinsames Weihnachtsessen","datePublished":"2022-12-21T15:00:00+00:00","dateModified":"2025-02-03T15:02:20+00:00","mainEntityOfPage":{"@id":"https:\/\/www.neimcke.de\/gemeinsames-weihnachtsessen\/"},"wordCount":47,"articleSection":["Unkategorisiert"],"inLanguage":"de-AT"},{"@type":"WebPage","@id":"https:\/\/www.neimcke.de\/gemeinsames-weihnachtsessen\/","url":"https:\/\/www.neimcke.de\/gemeinsames-weihnachtsessen\/","name":"Gemeinsames Weihnachtsessen - Neimcke - Weil jedes Teil z\u00e4hlt! Gro\u00dfhandel f\u00fcr Kfz-Ersatzteile, Verschlei\u00dfteile und Werkstatteinrichtung. | Gro\u00dfhandel, Autoteile, Autozubeh\u00f6r, Werkstatteinrichtung","isPartOf":{"@id":"https:\/\/www.neimcke.de\/#website"},"datePublished":"2022-12-21T15:00:00+00:00","dateModified":"2025-02-03T15:02:20+00:00","author":{"@id":"https:\/\/www.neimcke.de\/#\/schema\/person\/e9f68bc1454c25d57fb6bd335443ed98"},"description":"Gestern wurde aufgekocht in unserer Niederlassung in M\u00fchldorf! Gemeinsam wurde ein leckeres Weihnachtsessen f\u00fcr die Mannschaft gekocht!","breadcrumb":{"@id":"https:\/\/www.neimcke.de\/gemeinsames-weihnachtsessen\/#breadcrumb"},"inLanguage":"de-AT","potentialAction":[{"@type":"ReadAction","target":["https:\/\/www.neimcke.de\/gemeinsames-weihnachtsessen\/"]}]},{"@type":"BreadcrumbList","@id":"https:\/\/www.neimcke.de\/gemeinsames-weihnachtsessen\/#breadcrumb","itemListElement":[{"@type":"ListItem","position":1,"name":"Startseite","item":"https:\/\/www.neimcke.de\/at\/www-neimcke-de\/"},{"@type":"ListItem","position":2,"name":"Gemeinsames Weihnachtsessen"}]},{"@type":"WebSite","@id":"https:\/\/www.neimcke.de\/#website","url":"https:\/\/www.neimcke.de\/","name":"Neimcke - Weil jedes Teil z\u00e4hlt! Gro\u00dfhandel f\u00fcr Kfz-Ersatzteile, Verschlei\u00dfteile und Werkstatteinrichtung. | Gro\u00dfhandel, Autoteile, Autozubeh\u00f6r, Werkstatteinrichtung","description":"Weil jedes Teil z\u00e4hlt! Gro\u00dfhandel f\u00fcr Kfz-Ersatzteile, Verschlei\u00dfteile und Werkstatteinrichtung.","potentialAction":[{"@type":"SearchAction","target":{"@type":"EntryPoint","urlTemplate":"https:\/\/www.neimcke.de\/?s={search_term_string}"},"query-input":{"@type":"PropertyValueSpecification","valueRequired":true,"valueName":"search_term_string"}}],"inLanguage":"de-AT"},{"@type":"Person","@id":"https:\/\/www.neimcke.de\/#\/schema\/person\/e9f68bc1454c25d57fb6bd335443ed98","name":"p.bierl","image":{"@type":"ImageObject","inLanguage":"de-AT","@id":"https:\/\/www.neimcke.de\/#\/schema\/person\/image\/","url":"https:\/\/secure.gravatar.com\/avatar\/838f8fdac88d6a884f89cd00def918f83bb101f98305f1d7d8eacfd892b7e626?s=96&d=mm&r=g","contentUrl":"https:\/\/secure.gravatar.com\/avatar\/838f8fdac88d6a884f89cd00def918f83bb101f98305f1d7d8eacfd892b7e626?s=96&d=mm&r=g","caption":"p.bierl"},"url":"https:\/\/www.neimcke.de\/at\/author\/p-bierl\/"}]}},"_links":{"self":[{"href":"https:\/\/www.neimcke.de\/at\/wp-json\/wp\/v2\/posts\/9077","targetHints":{"allow":["GET"]}}],"collection":[{"href":"https:\/\/www.neimcke.de\/at\/wp-json\/wp\/v2\/posts"}],"about":[{"href":"https:\/\/www.neimcke.de\/at\/wp-json\/wp\/v2\/types\/post"}],"author":[{"embeddable":true,"href":"https:\/\/www.neimcke.de\/at\/wp-json\/wp\/v2\/users\/11"}],"replies":[{"embeddable":true,"href":"https:\/\/www.neimcke.de\/at\/wp-json\/wp\/v2\/comments?post=9077"}],"version-history":[{"count":1,"href":"https:\/\/www.neimcke.de\/at\/wp-json\/wp\/v2\/posts\/9077\/revisions"}],"predecessor-version":[{"id":9080,"href":"https:\/\/www.neimcke.de\/at\/wp-json\/wp\/v2\/posts\/9077\/revisions\/9080"}],"wp:attachment":[{"href":"https:\/\/www.neimcke.de\/at\/wp-json\/wp\/v2\/media?parent=9077"}],"wp:term":[{"taxonomy":"category","embeddable":true,"href":"https:\/\/www.neimcke.de\/at\/wp-json\/wp\/v2\/categories?post=9077"},{"taxonomy":"post_tag","embeddable":true,"href":"https:\/\/www.neimcke.de\/at\/wp-json\/wp\/v2\/tags?post=9077"}],"curies":[{"name":"wp","href":"https:\/\/api.w.org\/{rel}","templated":true}]}}