{"id":7449,"date":"2022-09-12T11:45:02","date_gmt":"2022-09-12T09:45:02","guid":{"rendered":"https:\/\/www.neimcke.de\/?p=7449"},"modified":"2022-09-08T11:37:42","modified_gmt":"2022-09-08T09:37:42","slug":"neue-azubis-in-traunstein","status":"publish","type":"post","link":"https:\/\/www.neimcke.de\/at\/neue-azubis-in-traunstein\/","title":{"rendered":"neue Azubis in Traunstein."},"content":{"rendered":"<p>NEIMCKE Traunstein durfte am 01. September gleich 8 neue Azubis begr\u00fc\u00dfen!<\/p>\n<div>v.l.n.r.\u00a0Vanessa Kratz (GHM), Raphael M\u00fchlbauer (FL), Sophie Kollmannsberger (GHM), Mateo Pelengic (FL), Magdalena Scharf (GHM), Leon Lang (FL), Fabian Drechsler (FL), Robert Marx (GHM), Erika Ortner (Ausbildungsleitung TS).<\/div>\n<p>&nbsp;<\/p>\n","protected":false},"excerpt":{"rendered":"<p>NEIMCKE Traunstein durfte am 01. September gleich 8 neue Azubis begr\u00fc\u00dfen! v.l.n.r.\u00a0Vanessa Kratz (GHM), Raphael M\u00fchlbauer (FL), Sophie Kollmannsberger (GHM), Mateo Pelengic (FL), Magdalena Scharf (GHM), Leon Lang (FL), Fabian Drechsler (FL), Robert Marx (GHM), Erika Ortner (Ausbildungsleitung TS). &nbsp;<\/p>\n","protected":false},"author":9,"featured_media":0,"comment_status":"closed","ping_status":"closed","sticky":false,"template":"","format":"standard","meta":{"_acf_changed":false,"footnotes":""},"categories":[1],"tags":[],"class_list":["post-7449","post","type-post","status-publish","format-standard","hentry","category-unkategorisiert"],"acf":[],"yoast_head":"<!-- This site is optimized with the Yoast SEO plugin v26.7 - https:\/\/yoast.com\/wordpress\/plugins\/seo\/ -->\n<title>neue Auszubildende in der Niederlassung Traunstein<\/title>\n<meta name=\"description\" content=\"NEIMCKE Traunstein hat am 01. September 2022 gleich 8 neue Auszubildende begr\u00fc\u00dfen d\u00fcrfen. Herzlich willkommen im Team NEIMCKE!\" \/>\n<meta name=\"robots\" content=\"index, follow, max-snippet:-1, max-image-preview:large, max-video-preview:-1\" \/>\n<link rel=\"canonical\" href=\"https:\/\/www.neimcke.de\/neue-azubis-in-traunstein\/\" \/>\n<meta property=\"og:locale\" content=\"de_DE\" \/>\n<meta property=\"og:type\" content=\"article\" \/>\n<meta property=\"og:title\" content=\"neue Auszubildende in der Niederlassung Traunstein\" \/>\n<meta property=\"og:description\" content=\"NEIMCKE Traunstein hat am 01. September 2022 gleich 8 neue Auszubildende begr\u00fc\u00dfen d\u00fcrfen. Herzlich willkommen im Team NEIMCKE!\" \/>\n<meta property=\"og:url\" content=\"https:\/\/www.neimcke.de\/neue-azubis-in-traunstein\/\" \/>\n<meta property=\"og:site_name\" content=\"Neimcke - Weil jedes Teil z\u00e4hlt! Gro\u00dfhandel f\u00fcr Kfz-Ersatzteile, Verschlei\u00dfteile und Werkstatteinrichtung. | Gro\u00dfhandel, Autoteile, Autozubeh\u00f6r, Werkstatteinrichtung\" \/>\n<meta property=\"article:publisher\" content=\"https:\/\/de-de.facebook.com\/Neimcke\/\" \/>\n<meta property=\"article:published_time\" content=\"2022-09-12T09:45:02+00:00\" \/>\n<meta name=\"author\" content=\"Thomas Steiner\" \/>\n<meta name=\"twitter:card\" content=\"summary_large_image\" \/>\n<meta name=\"twitter:creator\" content=\"@neimcke\" \/>\n<meta name=\"twitter:site\" content=\"@neimcke\" \/>\n<meta name=\"twitter:label1\" content=\"Written by\" \/>\n\t<meta name=\"twitter:data1\" content=\"Thomas Steiner\" \/>\n<script type=\"application\/ld+json\" class=\"yoast-schema-graph\">{\"@context\":\"https:\/\/schema.org\",\"@graph\":[{\"@type\":\"Article\",\"@id\":\"https:\/\/www.neimcke.de\/neue-azubis-in-traunstein\/#article\",\"isPartOf\":{\"@id\":\"https:\/\/www.neimcke.de\/neue-azubis-in-traunstein\/\"},\"author\":{\"name\":\"Thomas Steiner\",\"@id\":\"https:\/\/www.neimcke.de\/#\/schema\/person\/79240196b1c916ccd920eaff33fb5620\"},\"headline\":\"neue Azubis in Traunstein.\",\"datePublished\":\"2022-09-12T09:45:02+00:00\",\"mainEntityOfPage\":{\"@id\":\"https:\/\/www.neimcke.de\/neue-azubis-in-traunstein\/\"},\"wordCount\":48,\"articleSection\":[\"Unkategorisiert\"],\"inLanguage\":\"de-AT\"},{\"@type\":\"WebPage\",\"@id\":\"https:\/\/www.neimcke.de\/neue-azubis-in-traunstein\/\",\"url\":\"https:\/\/www.neimcke.de\/neue-azubis-in-traunstein\/\",\"name\":\"neue Auszubildende in der Niederlassung Traunstein\",\"isPartOf\":{\"@id\":\"https:\/\/www.neimcke.de\/#website\"},\"datePublished\":\"2022-09-12T09:45:02+00:00\",\"author\":{\"@id\":\"https:\/\/www.neimcke.de\/#\/schema\/person\/79240196b1c916ccd920eaff33fb5620\"},\"description\":\"NEIMCKE Traunstein hat am 01. September 2022 gleich 8 neue Auszubildende begr\u00fc\u00dfen d\u00fcrfen. Herzlich willkommen im Team NEIMCKE!\",\"breadcrumb\":{\"@id\":\"https:\/\/www.neimcke.de\/neue-azubis-in-traunstein\/#breadcrumb\"},\"inLanguage\":\"de-AT\",\"potentialAction\":[{\"@type\":\"ReadAction\",\"target\":[\"https:\/\/www.neimcke.de\/neue-azubis-in-traunstein\/\"]}]},{\"@type\":\"BreadcrumbList\",\"@id\":\"https:\/\/www.neimcke.de\/neue-azubis-in-traunstein\/#breadcrumb\",\"itemListElement\":[{\"@type\":\"ListItem\",\"position\":1,\"name\":\"Startseite\",\"item\":\"https:\/\/www.neimcke.de\/at\/www-neimcke-de\/\"},{\"@type\":\"ListItem\",\"position\":2,\"name\":\"neue Azubis in Traunstein.\"}]},{\"@type\":\"WebSite\",\"@id\":\"https:\/\/www.neimcke.de\/#website\",\"url\":\"https:\/\/www.neimcke.de\/\",\"name\":\"Neimcke - Weil jedes Teil z\u00e4hlt! Gro\u00dfhandel f\u00fcr Kfz-Ersatzteile, Verschlei\u00dfteile und Werkstatteinrichtung. | Gro\u00dfhandel, Autoteile, Autozubeh\u00f6r, Werkstatteinrichtung\",\"description\":\"Weil jedes Teil z\u00e4hlt! Gro\u00dfhandel f\u00fcr Kfz-Ersatzteile, Verschlei\u00dfteile und Werkstatteinrichtung.\",\"potentialAction\":[{\"@type\":\"SearchAction\",\"target\":{\"@type\":\"EntryPoint\",\"urlTemplate\":\"https:\/\/www.neimcke.de\/?s={search_term_string}\"},\"query-input\":{\"@type\":\"PropertyValueSpecification\",\"valueRequired\":true,\"valueName\":\"search_term_string\"}}],\"inLanguage\":\"de-AT\"},{\"@type\":\"Person\",\"@id\":\"https:\/\/www.neimcke.de\/#\/schema\/person\/79240196b1c916ccd920eaff33fb5620\",\"name\":\"Thomas Steiner\",\"image\":{\"@type\":\"ImageObject\",\"inLanguage\":\"de-AT\",\"@id\":\"https:\/\/www.neimcke.de\/#\/schema\/person\/image\/\",\"url\":\"https:\/\/secure.gravatar.com\/avatar\/86da04914b2ee32923c672eed7095ef34270eac3a3c1951d32152792dd8f4da5?s=96&d=mm&r=g\",\"contentUrl\":\"https:\/\/secure.gravatar.com\/avatar\/86da04914b2ee32923c672eed7095ef34270eac3a3c1951d32152792dd8f4da5?s=96&d=mm&r=g\",\"caption\":\"Thomas Steiner\"},\"url\":\"https:\/\/www.neimcke.de\/at\/author\/bitminds\/\"}]}<\/script>\n<!-- \/ Yoast SEO plugin. -->","yoast_head_json":{"title":"neue Auszubildende in der Niederlassung Traunstein","description":"NEIMCKE Traunstein hat am 01. September 2022 gleich 8 neue Auszubildende begr\u00fc\u00dfen d\u00fcrfen. Herzlich willkommen im Team NEIMCKE!","robots":{"index":"index","follow":"follow","max-snippet":"max-snippet:-1","max-image-preview":"max-image-preview:large","max-video-preview":"max-video-preview:-1"},"canonical":"https:\/\/www.neimcke.de\/neue-azubis-in-traunstein\/","og_locale":"de_DE","og_type":"article","og_title":"neue Auszubildende in der Niederlassung Traunstein","og_description":"NEIMCKE Traunstein hat am 01. September 2022 gleich 8 neue Auszubildende begr\u00fc\u00dfen d\u00fcrfen. Herzlich willkommen im Team NEIMCKE!","og_url":"https:\/\/www.neimcke.de\/neue-azubis-in-traunstein\/","og_site_name":"Neimcke - Weil jedes Teil z\u00e4hlt! Gro\u00dfhandel f\u00fcr Kfz-Ersatzteile, Verschlei\u00dfteile und Werkstatteinrichtung. | Gro\u00dfhandel, Autoteile, Autozubeh\u00f6r, Werkstatteinrichtung","article_publisher":"https:\/\/de-de.facebook.com\/Neimcke\/","article_published_time":"2022-09-12T09:45:02+00:00","author":"Thomas Steiner","twitter_card":"summary_large_image","twitter_creator":"@neimcke","twitter_site":"@neimcke","twitter_misc":{"Written by":"Thomas Steiner"},"schema":{"@context":"https:\/\/schema.org","@graph":[{"@type":"Article","@id":"https:\/\/www.neimcke.de\/neue-azubis-in-traunstein\/#article","isPartOf":{"@id":"https:\/\/www.neimcke.de\/neue-azubis-in-traunstein\/"},"author":{"name":"Thomas Steiner","@id":"https:\/\/www.neimcke.de\/#\/schema\/person\/79240196b1c916ccd920eaff33fb5620"},"headline":"neue Azubis in Traunstein.","datePublished":"2022-09-12T09:45:02+00:00","mainEntityOfPage":{"@id":"https:\/\/www.neimcke.de\/neue-azubis-in-traunstein\/"},"wordCount":48,"articleSection":["Unkategorisiert"],"inLanguage":"de-AT"},{"@type":"WebPage","@id":"https:\/\/www.neimcke.de\/neue-azubis-in-traunstein\/","url":"https:\/\/www.neimcke.de\/neue-azubis-in-traunstein\/","name":"neue Auszubildende in der Niederlassung Traunstein","isPartOf":{"@id":"https:\/\/www.neimcke.de\/#website"},"datePublished":"2022-09-12T09:45:02+00:00","author":{"@id":"https:\/\/www.neimcke.de\/#\/schema\/person\/79240196b1c916ccd920eaff33fb5620"},"description":"NEIMCKE Traunstein hat am 01. September 2022 gleich 8 neue Auszubildende begr\u00fc\u00dfen d\u00fcrfen. Herzlich willkommen im Team NEIMCKE!","breadcrumb":{"@id":"https:\/\/www.neimcke.de\/neue-azubis-in-traunstein\/#breadcrumb"},"inLanguage":"de-AT","potentialAction":[{"@type":"ReadAction","target":["https:\/\/www.neimcke.de\/neue-azubis-in-traunstein\/"]}]},{"@type":"BreadcrumbList","@id":"https:\/\/www.neimcke.de\/neue-azubis-in-traunstein\/#breadcrumb","itemListElement":[{"@type":"ListItem","position":1,"name":"Startseite","item":"https:\/\/www.neimcke.de\/at\/www-neimcke-de\/"},{"@type":"ListItem","position":2,"name":"neue Azubis in Traunstein."}]},{"@type":"WebSite","@id":"https:\/\/www.neimcke.de\/#website","url":"https:\/\/www.neimcke.de\/","name":"Neimcke - Weil jedes Teil z\u00e4hlt! Gro\u00dfhandel f\u00fcr Kfz-Ersatzteile, Verschlei\u00dfteile und Werkstatteinrichtung. | Gro\u00dfhandel, Autoteile, Autozubeh\u00f6r, Werkstatteinrichtung","description":"Weil jedes Teil z\u00e4hlt! Gro\u00dfhandel f\u00fcr Kfz-Ersatzteile, Verschlei\u00dfteile und Werkstatteinrichtung.","potentialAction":[{"@type":"SearchAction","target":{"@type":"EntryPoint","urlTemplate":"https:\/\/www.neimcke.de\/?s={search_term_string}"},"query-input":{"@type":"PropertyValueSpecification","valueRequired":true,"valueName":"search_term_string"}}],"inLanguage":"de-AT"},{"@type":"Person","@id":"https:\/\/www.neimcke.de\/#\/schema\/person\/79240196b1c916ccd920eaff33fb5620","name":"Thomas Steiner","image":{"@type":"ImageObject","inLanguage":"de-AT","@id":"https:\/\/www.neimcke.de\/#\/schema\/person\/image\/","url":"https:\/\/secure.gravatar.com\/avatar\/86da04914b2ee32923c672eed7095ef34270eac3a3c1951d32152792dd8f4da5?s=96&d=mm&r=g","contentUrl":"https:\/\/secure.gravatar.com\/avatar\/86da04914b2ee32923c672eed7095ef34270eac3a3c1951d32152792dd8f4da5?s=96&d=mm&r=g","caption":"Thomas Steiner"},"url":"https:\/\/www.neimcke.de\/at\/author\/bitminds\/"}]}},"_links":{"self":[{"href":"https:\/\/www.neimcke.de\/at\/wp-json\/wp\/v2\/posts\/7449","targetHints":{"allow":["GET"]}}],"collection":[{"href":"https:\/\/www.neimcke.de\/at\/wp-json\/wp\/v2\/posts"}],"about":[{"href":"https:\/\/www.neimcke.de\/at\/wp-json\/wp\/v2\/types\/post"}],"author":[{"embeddable":true,"href":"https:\/\/www.neimcke.de\/at\/wp-json\/wp\/v2\/users\/9"}],"replies":[{"embeddable":true,"href":"https:\/\/www.neimcke.de\/at\/wp-json\/wp\/v2\/comments?post=7449"}],"version-history":[{"count":1,"href":"https:\/\/www.neimcke.de\/at\/wp-json\/wp\/v2\/posts\/7449\/revisions"}],"predecessor-version":[{"id":7452,"href":"https:\/\/www.neimcke.de\/at\/wp-json\/wp\/v2\/posts\/7449\/revisions\/7452"}],"wp:attachment":[{"href":"https:\/\/www.neimcke.de\/at\/wp-json\/wp\/v2\/media?parent=7449"}],"wp:term":[{"taxonomy":"category","embeddable":true,"href":"https:\/\/www.neimcke.de\/at\/wp-json\/wp\/v2\/categories?post=7449"},{"taxonomy":"post_tag","embeddable":true,"href":"https:\/\/www.neimcke.de\/at\/wp-json\/wp\/v2\/tags?post=7449"}],"curies":[{"name":"wp","href":"https:\/\/api.w.org\/{rel}","templated":true}]}}