{"id":7157,"date":"2022-04-27T10:58:28","date_gmt":"2022-04-27T08:58:28","guid":{"rendered":"https:\/\/www.neimcke.de\/?p=7157"},"modified":"2022-04-27T10:58:28","modified_gmt":"2022-04-27T08:58:28","slug":"ausbildungsroas-2022","status":"publish","type":"post","link":"https:\/\/www.neimcke.de\/at\/ausbildungsroas-2022\/","title":{"rendered":"Ausbildungsroas 2022"},"content":{"rendered":"<div>Ausbildungsroas 2022 in Traunstein \u2013 und NEIMCKE ist nat\u00fcrlich mit dabei! Vom 03. Bis 20 Mai findet diese Digital statt. Am Freitag den 13. Mai k\u00f6nnt ihr euch pers\u00f6nlich bei uns \u00fcber eine Ausbildung bei NEIMCKE informieren! Die Messe findet im und um das K1 in Traunreut statt. Unser Stand: Standnummer 9 im K1!<\/div>\n<p>&nbsp;<\/p>\n","protected":false},"excerpt":{"rendered":"<p>Ausbildungsroas 2022 in Traunstein \u2013 und NEIMCKE ist nat\u00fcrlich mit dabei! Vom 03. Bis 20 Mai findet diese Digital statt. Am Freitag den 13. Mai k\u00f6nnt ihr euch pers\u00f6nlich bei uns \u00fcber eine Ausbildung bei NEIMCKE informieren! Die Messe findet im und um das K1 in Traunreut statt. Unser Stand: Standnummer 9 im K1! &nbsp;<\/p>\n","protected":false},"author":9,"featured_media":0,"comment_status":"closed","ping_status":"closed","sticky":false,"template":"","format":"standard","meta":{"_acf_changed":false,"footnotes":""},"categories":[1],"tags":[],"class_list":["post-7157","post","type-post","status-publish","format-standard","hentry","category-unkategorisiert"],"acf":[],"yoast_head":"<!-- This site is optimized with the Yoast SEO plugin v26.7 - https:\/\/yoast.com\/wordpress\/plugins\/seo\/ -->\n<title>Ausbildungsroas 2022 in Traunstein - NEIMCKE ist nat\u00fcrlich mit dabei<\/title>\n<meta name=\"description\" content=\"Die Ausbildungsroas findet vom 03. bis 20. Mai digital statt. Am 13. Mai k\u00f6nnt Ihr uns an unserem Stand 9 im K1 live besuchen!\" \/>\n<meta name=\"robots\" content=\"index, follow, max-snippet:-1, max-image-preview:large, max-video-preview:-1\" \/>\n<link rel=\"canonical\" href=\"https:\/\/www.neimcke.de\/ausbildungsroas-2022\/\" \/>\n<meta property=\"og:locale\" content=\"de_DE\" \/>\n<meta property=\"og:type\" content=\"article\" \/>\n<meta property=\"og:title\" content=\"Ausbildungsroas 2022 in Traunstein - NEIMCKE ist nat\u00fcrlich mit dabei\" \/>\n<meta property=\"og:description\" content=\"Die Ausbildungsroas findet vom 03. bis 20. Mai digital statt. Am 13. Mai k\u00f6nnt Ihr uns an unserem Stand 9 im K1 live besuchen!\" \/>\n<meta property=\"og:url\" content=\"https:\/\/www.neimcke.de\/ausbildungsroas-2022\/\" \/>\n<meta property=\"og:site_name\" content=\"Neimcke - Weil jedes Teil z\u00e4hlt! Gro\u00dfhandel f\u00fcr Kfz-Ersatzteile, Verschlei\u00dfteile und Werkstatteinrichtung. | Gro\u00dfhandel, Autoteile, Autozubeh\u00f6r, Werkstatteinrichtung\" \/>\n<meta property=\"article:publisher\" content=\"https:\/\/de-de.facebook.com\/Neimcke\/\" \/>\n<meta property=\"article:published_time\" content=\"2022-04-27T08:58:28+00:00\" \/>\n<meta name=\"author\" content=\"Thomas Steiner\" \/>\n<meta name=\"twitter:card\" content=\"summary_large_image\" \/>\n<meta name=\"twitter:creator\" content=\"@neimcke\" \/>\n<meta name=\"twitter:site\" content=\"@neimcke\" \/>\n<meta name=\"twitter:label1\" content=\"Written by\" \/>\n\t<meta name=\"twitter:data1\" content=\"Thomas Steiner\" \/>\n<script type=\"application\/ld+json\" class=\"yoast-schema-graph\">{\"@context\":\"https:\/\/schema.org\",\"@graph\":[{\"@type\":\"Article\",\"@id\":\"https:\/\/www.neimcke.de\/ausbildungsroas-2022\/#article\",\"isPartOf\":{\"@id\":\"https:\/\/www.neimcke.de\/ausbildungsroas-2022\/\"},\"author\":{\"name\":\"Thomas Steiner\",\"@id\":\"https:\/\/www.neimcke.de\/#\/schema\/person\/79240196b1c916ccd920eaff33fb5620\"},\"headline\":\"Ausbildungsroas 2022\",\"datePublished\":\"2022-04-27T08:58:28+00:00\",\"mainEntityOfPage\":{\"@id\":\"https:\/\/www.neimcke.de\/ausbildungsroas-2022\/\"},\"wordCount\":53,\"articleSection\":[\"Unkategorisiert\"],\"inLanguage\":\"de-AT\"},{\"@type\":\"WebPage\",\"@id\":\"https:\/\/www.neimcke.de\/ausbildungsroas-2022\/\",\"url\":\"https:\/\/www.neimcke.de\/ausbildungsroas-2022\/\",\"name\":\"Ausbildungsroas 2022 in Traunstein - NEIMCKE ist nat\u00fcrlich mit dabei\",\"isPartOf\":{\"@id\":\"https:\/\/www.neimcke.de\/#website\"},\"datePublished\":\"2022-04-27T08:58:28+00:00\",\"author\":{\"@id\":\"https:\/\/www.neimcke.de\/#\/schema\/person\/79240196b1c916ccd920eaff33fb5620\"},\"description\":\"Die Ausbildungsroas findet vom 03. bis 20. Mai digital statt. Am 13. Mai k\u00f6nnt Ihr uns an unserem Stand 9 im K1 live besuchen!\",\"breadcrumb\":{\"@id\":\"https:\/\/www.neimcke.de\/ausbildungsroas-2022\/#breadcrumb\"},\"inLanguage\":\"de-AT\",\"potentialAction\":[{\"@type\":\"ReadAction\",\"target\":[\"https:\/\/www.neimcke.de\/ausbildungsroas-2022\/\"]}]},{\"@type\":\"BreadcrumbList\",\"@id\":\"https:\/\/www.neimcke.de\/ausbildungsroas-2022\/#breadcrumb\",\"itemListElement\":[{\"@type\":\"ListItem\",\"position\":1,\"name\":\"Startseite\",\"item\":\"https:\/\/www.neimcke.de\/at\/www-neimcke-de\/\"},{\"@type\":\"ListItem\",\"position\":2,\"name\":\"Ausbildungsroas 2022\"}]},{\"@type\":\"WebSite\",\"@id\":\"https:\/\/www.neimcke.de\/#website\",\"url\":\"https:\/\/www.neimcke.de\/\",\"name\":\"Neimcke - Weil jedes Teil z\u00e4hlt! Gro\u00dfhandel f\u00fcr Kfz-Ersatzteile, Verschlei\u00dfteile und Werkstatteinrichtung. | Gro\u00dfhandel, Autoteile, Autozubeh\u00f6r, Werkstatteinrichtung\",\"description\":\"Weil jedes Teil z\u00e4hlt! Gro\u00dfhandel f\u00fcr Kfz-Ersatzteile, Verschlei\u00dfteile und Werkstatteinrichtung.\",\"potentialAction\":[{\"@type\":\"SearchAction\",\"target\":{\"@type\":\"EntryPoint\",\"urlTemplate\":\"https:\/\/www.neimcke.de\/?s={search_term_string}\"},\"query-input\":{\"@type\":\"PropertyValueSpecification\",\"valueRequired\":true,\"valueName\":\"search_term_string\"}}],\"inLanguage\":\"de-AT\"},{\"@type\":\"Person\",\"@id\":\"https:\/\/www.neimcke.de\/#\/schema\/person\/79240196b1c916ccd920eaff33fb5620\",\"name\":\"Thomas Steiner\",\"image\":{\"@type\":\"ImageObject\",\"inLanguage\":\"de-AT\",\"@id\":\"https:\/\/www.neimcke.de\/#\/schema\/person\/image\/\",\"url\":\"https:\/\/secure.gravatar.com\/avatar\/86da04914b2ee32923c672eed7095ef34270eac3a3c1951d32152792dd8f4da5?s=96&d=mm&r=g\",\"contentUrl\":\"https:\/\/secure.gravatar.com\/avatar\/86da04914b2ee32923c672eed7095ef34270eac3a3c1951d32152792dd8f4da5?s=96&d=mm&r=g\",\"caption\":\"Thomas Steiner\"},\"url\":\"https:\/\/www.neimcke.de\/at\/author\/bitminds\/\"}]}<\/script>\n<!-- \/ Yoast SEO plugin. -->","yoast_head_json":{"title":"Ausbildungsroas 2022 in Traunstein - NEIMCKE ist nat\u00fcrlich mit dabei","description":"Die Ausbildungsroas findet vom 03. bis 20. Mai digital statt. Am 13. Mai k\u00f6nnt Ihr uns an unserem Stand 9 im K1 live besuchen!","robots":{"index":"index","follow":"follow","max-snippet":"max-snippet:-1","max-image-preview":"max-image-preview:large","max-video-preview":"max-video-preview:-1"},"canonical":"https:\/\/www.neimcke.de\/ausbildungsroas-2022\/","og_locale":"de_DE","og_type":"article","og_title":"Ausbildungsroas 2022 in Traunstein - NEIMCKE ist nat\u00fcrlich mit dabei","og_description":"Die Ausbildungsroas findet vom 03. bis 20. Mai digital statt. Am 13. Mai k\u00f6nnt Ihr uns an unserem Stand 9 im K1 live besuchen!","og_url":"https:\/\/www.neimcke.de\/ausbildungsroas-2022\/","og_site_name":"Neimcke - Weil jedes Teil z\u00e4hlt! Gro\u00dfhandel f\u00fcr Kfz-Ersatzteile, Verschlei\u00dfteile und Werkstatteinrichtung. | Gro\u00dfhandel, Autoteile, Autozubeh\u00f6r, Werkstatteinrichtung","article_publisher":"https:\/\/de-de.facebook.com\/Neimcke\/","article_published_time":"2022-04-27T08:58:28+00:00","author":"Thomas Steiner","twitter_card":"summary_large_image","twitter_creator":"@neimcke","twitter_site":"@neimcke","twitter_misc":{"Written by":"Thomas Steiner"},"schema":{"@context":"https:\/\/schema.org","@graph":[{"@type":"Article","@id":"https:\/\/www.neimcke.de\/ausbildungsroas-2022\/#article","isPartOf":{"@id":"https:\/\/www.neimcke.de\/ausbildungsroas-2022\/"},"author":{"name":"Thomas Steiner","@id":"https:\/\/www.neimcke.de\/#\/schema\/person\/79240196b1c916ccd920eaff33fb5620"},"headline":"Ausbildungsroas 2022","datePublished":"2022-04-27T08:58:28+00:00","mainEntityOfPage":{"@id":"https:\/\/www.neimcke.de\/ausbildungsroas-2022\/"},"wordCount":53,"articleSection":["Unkategorisiert"],"inLanguage":"de-AT"},{"@type":"WebPage","@id":"https:\/\/www.neimcke.de\/ausbildungsroas-2022\/","url":"https:\/\/www.neimcke.de\/ausbildungsroas-2022\/","name":"Ausbildungsroas 2022 in Traunstein - NEIMCKE ist nat\u00fcrlich mit dabei","isPartOf":{"@id":"https:\/\/www.neimcke.de\/#website"},"datePublished":"2022-04-27T08:58:28+00:00","author":{"@id":"https:\/\/www.neimcke.de\/#\/schema\/person\/79240196b1c916ccd920eaff33fb5620"},"description":"Die Ausbildungsroas findet vom 03. bis 20. Mai digital statt. Am 13. Mai k\u00f6nnt Ihr uns an unserem Stand 9 im K1 live besuchen!","breadcrumb":{"@id":"https:\/\/www.neimcke.de\/ausbildungsroas-2022\/#breadcrumb"},"inLanguage":"de-AT","potentialAction":[{"@type":"ReadAction","target":["https:\/\/www.neimcke.de\/ausbildungsroas-2022\/"]}]},{"@type":"BreadcrumbList","@id":"https:\/\/www.neimcke.de\/ausbildungsroas-2022\/#breadcrumb","itemListElement":[{"@type":"ListItem","position":1,"name":"Startseite","item":"https:\/\/www.neimcke.de\/at\/www-neimcke-de\/"},{"@type":"ListItem","position":2,"name":"Ausbildungsroas 2022"}]},{"@type":"WebSite","@id":"https:\/\/www.neimcke.de\/#website","url":"https:\/\/www.neimcke.de\/","name":"Neimcke - Weil jedes Teil z\u00e4hlt! Gro\u00dfhandel f\u00fcr Kfz-Ersatzteile, Verschlei\u00dfteile und Werkstatteinrichtung. | Gro\u00dfhandel, Autoteile, Autozubeh\u00f6r, Werkstatteinrichtung","description":"Weil jedes Teil z\u00e4hlt! Gro\u00dfhandel f\u00fcr Kfz-Ersatzteile, Verschlei\u00dfteile und Werkstatteinrichtung.","potentialAction":[{"@type":"SearchAction","target":{"@type":"EntryPoint","urlTemplate":"https:\/\/www.neimcke.de\/?s={search_term_string}"},"query-input":{"@type":"PropertyValueSpecification","valueRequired":true,"valueName":"search_term_string"}}],"inLanguage":"de-AT"},{"@type":"Person","@id":"https:\/\/www.neimcke.de\/#\/schema\/person\/79240196b1c916ccd920eaff33fb5620","name":"Thomas Steiner","image":{"@type":"ImageObject","inLanguage":"de-AT","@id":"https:\/\/www.neimcke.de\/#\/schema\/person\/image\/","url":"https:\/\/secure.gravatar.com\/avatar\/86da04914b2ee32923c672eed7095ef34270eac3a3c1951d32152792dd8f4da5?s=96&d=mm&r=g","contentUrl":"https:\/\/secure.gravatar.com\/avatar\/86da04914b2ee32923c672eed7095ef34270eac3a3c1951d32152792dd8f4da5?s=96&d=mm&r=g","caption":"Thomas Steiner"},"url":"https:\/\/www.neimcke.de\/at\/author\/bitminds\/"}]}},"_links":{"self":[{"href":"https:\/\/www.neimcke.de\/at\/wp-json\/wp\/v2\/posts\/7157","targetHints":{"allow":["GET"]}}],"collection":[{"href":"https:\/\/www.neimcke.de\/at\/wp-json\/wp\/v2\/posts"}],"about":[{"href":"https:\/\/www.neimcke.de\/at\/wp-json\/wp\/v2\/types\/post"}],"author":[{"embeddable":true,"href":"https:\/\/www.neimcke.de\/at\/wp-json\/wp\/v2\/users\/9"}],"replies":[{"embeddable":true,"href":"https:\/\/www.neimcke.de\/at\/wp-json\/wp\/v2\/comments?post=7157"}],"version-history":[{"count":1,"href":"https:\/\/www.neimcke.de\/at\/wp-json\/wp\/v2\/posts\/7157\/revisions"}],"predecessor-version":[{"id":7160,"href":"https:\/\/www.neimcke.de\/at\/wp-json\/wp\/v2\/posts\/7157\/revisions\/7160"}],"wp:attachment":[{"href":"https:\/\/www.neimcke.de\/at\/wp-json\/wp\/v2\/media?parent=7157"}],"wp:term":[{"taxonomy":"category","embeddable":true,"href":"https:\/\/www.neimcke.de\/at\/wp-json\/wp\/v2\/categories?post=7157"},{"taxonomy":"post_tag","embeddable":true,"href":"https:\/\/www.neimcke.de\/at\/wp-json\/wp\/v2\/tags?post=7157"}],"curies":[{"name":"wp","href":"https:\/\/api.w.org\/{rel}","templated":true}]}}