{"id":6867,"date":"2021-09-29T08:11:41","date_gmt":"2021-09-29T06:11:41","guid":{"rendered":"https:\/\/www.neimcke.de\/?p=6867"},"modified":"2023-04-14T11:45:45","modified_gmt":"2023-04-14T09:45:45","slug":"neimcke-jubilare-2021","status":"publish","type":"post","link":"https:\/\/www.neimcke.de\/at\/neimcke-jubilare-2021\/","title":{"rendered":"NEIMCKE Jubilare 2021"},"content":{"rendered":"<p>Im September fand das Jubil\u00e4umsessen der diesj\u00e4hrigen Jubilare statt. Wir sind froh so viele langj\u00e4hrige Mitarbeiter zu haben und freuen uns auf weitere erfolgreiche Jahre zusammen!<\/p>\n<p>v.l.n.r.h.: Alois Schneider (10 Jahre), Rainer Lederer (30 Jahre), Reinhard Maier (30 Jahre), Rainer Ortner (Niederlassungsleitung Traunstein), Erwin Waldinger (10 Jahre), Ferdinand Bl\u00fcmel (10 Jahre), Christian P\u00f6schmann (Niederlassungsleitung M\u00fcnchen), Peter Kreft (35 Jahre), G\u00fcng\u00f6r Bozkir (10 Jahre), Oliver Bauer (35 Jahre)<\/p>\n<p>v.l.n.r.v.: J\u00f6rg Neimcke (Gesch\u00e4ftsf\u00fchrer), Manfred Petzka (40 Jahre), J\u00fcrgen Maxeiner (25 Jahre), Klaus Plank (30 Jahre), Franziska Kovacs (10 Jahre), Stefanie Huber (10 Jahre), Jirko Reyentanz (10 Jahre), Antonio Palumbo (25 Jahre), Klaus Bichlmaier (Niederlassungsleitung M\u00fchldorf)<\/p>\n","protected":false},"excerpt":{"rendered":"<p>Im September fand das Jubil\u00e4umsessen der diesj\u00e4hrigen Jubilare statt. Wir sind froh so viele langj\u00e4hrige Mitarbeiter zu haben und freuen uns auf weitere erfolgreiche Jahre zusammen! v.l.n.r.h.: Alois Schneider (10 Jahre), Rainer Lederer (30 Jahre), Reinhard Maier (30 Jahre), Rainer Ortner (Niederlassungsleitung Traunstein), Erwin Waldinger (10 Jahre), Ferdinand Bl\u00fcmel (10 Jahre), Christian P\u00f6schmann (Niederlassungsleitung M\u00fcnchen),&nbsp; <a href=\"https:\/\/www.neimcke.de\/at\/neimcke-jubilare-2021\/\">&hellip; Read more <i class=\"fa fa-arrow-right\"><\/i><\/a><\/p>\n","protected":false},"author":9,"featured_media":0,"comment_status":"closed","ping_status":"closed","sticky":false,"template":"","format":"standard","meta":{"_acf_changed":false,"footnotes":""},"categories":[1],"tags":[],"class_list":["post-6867","post","type-post","status-publish","format-standard","hentry","category-unkategorisiert"],"acf":[],"yoast_head":"<!-- This site is optimized with the Yoast SEO plugin v26.7 - https:\/\/yoast.com\/wordpress\/plugins\/seo\/ -->\n<title>NEIMCKE Jubilare 2021<\/title>\n<meta name=\"description\" content=\"Im September fand das Jubil\u00e4umsessen der diesj\u00e4hrigen Jubilare statt. Wir freuen uns auf weitere erfolgreiche Jahre zusammen!\" \/>\n<meta name=\"robots\" content=\"index, follow, max-snippet:-1, max-image-preview:large, max-video-preview:-1\" \/>\n<link rel=\"canonical\" href=\"https:\/\/www.neimcke.de\/neimcke-jubilare-2021\/\" \/>\n<meta property=\"og:locale\" content=\"de_DE\" \/>\n<meta property=\"og:type\" content=\"article\" \/>\n<meta property=\"og:title\" content=\"NEIMCKE Jubilare 2021\" \/>\n<meta property=\"og:description\" content=\"Im September fand das Jubil\u00e4umsessen der diesj\u00e4hrigen Jubilare statt. Wir freuen uns auf weitere erfolgreiche Jahre zusammen!\" \/>\n<meta property=\"og:url\" content=\"https:\/\/www.neimcke.de\/neimcke-jubilare-2021\/\" \/>\n<meta property=\"og:site_name\" content=\"Neimcke - Weil jedes Teil z\u00e4hlt! Gro\u00dfhandel f\u00fcr Kfz-Ersatzteile, Verschlei\u00dfteile und Werkstatteinrichtung. | Gro\u00dfhandel, Autoteile, Autozubeh\u00f6r, Werkstatteinrichtung\" \/>\n<meta property=\"article:publisher\" content=\"https:\/\/de-de.facebook.com\/Neimcke\/\" \/>\n<meta property=\"article:published_time\" content=\"2021-09-29T06:11:41+00:00\" \/>\n<meta property=\"article:modified_time\" content=\"2023-04-14T09:45:45+00:00\" \/>\n<meta name=\"author\" content=\"Thomas Steiner\" \/>\n<meta name=\"twitter:card\" content=\"summary_large_image\" \/>\n<meta name=\"twitter:creator\" content=\"@neimcke\" \/>\n<meta name=\"twitter:site\" content=\"@neimcke\" \/>\n<meta name=\"twitter:label1\" content=\"Written by\" \/>\n\t<meta name=\"twitter:data1\" content=\"Thomas Steiner\" \/>\n\t<meta name=\"twitter:label2\" content=\"Est. reading time\" \/>\n\t<meta name=\"twitter:data2\" content=\"1 minute\" \/>\n<script type=\"application\/ld+json\" class=\"yoast-schema-graph\">{\"@context\":\"https:\/\/schema.org\",\"@graph\":[{\"@type\":\"Article\",\"@id\":\"https:\/\/www.neimcke.de\/neimcke-jubilare-2021\/#article\",\"isPartOf\":{\"@id\":\"https:\/\/www.neimcke.de\/neimcke-jubilare-2021\/\"},\"author\":{\"name\":\"Thomas Steiner\",\"@id\":\"https:\/\/www.neimcke.de\/#\/schema\/person\/79240196b1c916ccd920eaff33fb5620\"},\"headline\":\"NEIMCKE Jubilare 2021\",\"datePublished\":\"2021-09-29T06:11:41+00:00\",\"dateModified\":\"2023-04-14T09:45:45+00:00\",\"mainEntityOfPage\":{\"@id\":\"https:\/\/www.neimcke.de\/neimcke-jubilare-2021\/\"},\"wordCount\":111,\"articleSection\":[\"Unkategorisiert\"],\"inLanguage\":\"de-AT\"},{\"@type\":\"WebPage\",\"@id\":\"https:\/\/www.neimcke.de\/neimcke-jubilare-2021\/\",\"url\":\"https:\/\/www.neimcke.de\/neimcke-jubilare-2021\/\",\"name\":\"NEIMCKE Jubilare 2021\",\"isPartOf\":{\"@id\":\"https:\/\/www.neimcke.de\/#website\"},\"datePublished\":\"2021-09-29T06:11:41+00:00\",\"dateModified\":\"2023-04-14T09:45:45+00:00\",\"author\":{\"@id\":\"https:\/\/www.neimcke.de\/#\/schema\/person\/79240196b1c916ccd920eaff33fb5620\"},\"description\":\"Im September fand das Jubil\u00e4umsessen der diesj\u00e4hrigen Jubilare statt. Wir freuen uns auf weitere erfolgreiche Jahre zusammen!\",\"breadcrumb\":{\"@id\":\"https:\/\/www.neimcke.de\/neimcke-jubilare-2021\/#breadcrumb\"},\"inLanguage\":\"de-AT\",\"potentialAction\":[{\"@type\":\"ReadAction\",\"target\":[\"https:\/\/www.neimcke.de\/neimcke-jubilare-2021\/\"]}]},{\"@type\":\"BreadcrumbList\",\"@id\":\"https:\/\/www.neimcke.de\/neimcke-jubilare-2021\/#breadcrumb\",\"itemListElement\":[{\"@type\":\"ListItem\",\"position\":1,\"name\":\"Startseite\",\"item\":\"https:\/\/www.neimcke.de\/at\/www-neimcke-de\/\"},{\"@type\":\"ListItem\",\"position\":2,\"name\":\"NEIMCKE Jubilare 2021\"}]},{\"@type\":\"WebSite\",\"@id\":\"https:\/\/www.neimcke.de\/#website\",\"url\":\"https:\/\/www.neimcke.de\/\",\"name\":\"Neimcke - Weil jedes Teil z\u00e4hlt! Gro\u00dfhandel f\u00fcr Kfz-Ersatzteile, Verschlei\u00dfteile und Werkstatteinrichtung. | Gro\u00dfhandel, Autoteile, Autozubeh\u00f6r, Werkstatteinrichtung\",\"description\":\"Weil jedes Teil z\u00e4hlt! Gro\u00dfhandel f\u00fcr Kfz-Ersatzteile, Verschlei\u00dfteile und Werkstatteinrichtung.\",\"potentialAction\":[{\"@type\":\"SearchAction\",\"target\":{\"@type\":\"EntryPoint\",\"urlTemplate\":\"https:\/\/www.neimcke.de\/?s={search_term_string}\"},\"query-input\":{\"@type\":\"PropertyValueSpecification\",\"valueRequired\":true,\"valueName\":\"search_term_string\"}}],\"inLanguage\":\"de-AT\"},{\"@type\":\"Person\",\"@id\":\"https:\/\/www.neimcke.de\/#\/schema\/person\/79240196b1c916ccd920eaff33fb5620\",\"name\":\"Thomas Steiner\",\"image\":{\"@type\":\"ImageObject\",\"inLanguage\":\"de-AT\",\"@id\":\"https:\/\/www.neimcke.de\/#\/schema\/person\/image\/\",\"url\":\"https:\/\/secure.gravatar.com\/avatar\/86da04914b2ee32923c672eed7095ef34270eac3a3c1951d32152792dd8f4da5?s=96&d=mm&r=g\",\"contentUrl\":\"https:\/\/secure.gravatar.com\/avatar\/86da04914b2ee32923c672eed7095ef34270eac3a3c1951d32152792dd8f4da5?s=96&d=mm&r=g\",\"caption\":\"Thomas Steiner\"},\"url\":\"https:\/\/www.neimcke.de\/at\/author\/bitminds\/\"}]}<\/script>\n<!-- \/ Yoast SEO plugin. -->","yoast_head_json":{"title":"NEIMCKE Jubilare 2021","description":"Im September fand das Jubil\u00e4umsessen der diesj\u00e4hrigen Jubilare statt. Wir freuen uns auf weitere erfolgreiche Jahre zusammen!","robots":{"index":"index","follow":"follow","max-snippet":"max-snippet:-1","max-image-preview":"max-image-preview:large","max-video-preview":"max-video-preview:-1"},"canonical":"https:\/\/www.neimcke.de\/neimcke-jubilare-2021\/","og_locale":"de_DE","og_type":"article","og_title":"NEIMCKE Jubilare 2021","og_description":"Im September fand das Jubil\u00e4umsessen der diesj\u00e4hrigen Jubilare statt. Wir freuen uns auf weitere erfolgreiche Jahre zusammen!","og_url":"https:\/\/www.neimcke.de\/neimcke-jubilare-2021\/","og_site_name":"Neimcke - Weil jedes Teil z\u00e4hlt! Gro\u00dfhandel f\u00fcr Kfz-Ersatzteile, Verschlei\u00dfteile und Werkstatteinrichtung. | Gro\u00dfhandel, Autoteile, Autozubeh\u00f6r, Werkstatteinrichtung","article_publisher":"https:\/\/de-de.facebook.com\/Neimcke\/","article_published_time":"2021-09-29T06:11:41+00:00","article_modified_time":"2023-04-14T09:45:45+00:00","author":"Thomas Steiner","twitter_card":"summary_large_image","twitter_creator":"@neimcke","twitter_site":"@neimcke","twitter_misc":{"Written by":"Thomas Steiner","Est. reading time":"1 minute"},"schema":{"@context":"https:\/\/schema.org","@graph":[{"@type":"Article","@id":"https:\/\/www.neimcke.de\/neimcke-jubilare-2021\/#article","isPartOf":{"@id":"https:\/\/www.neimcke.de\/neimcke-jubilare-2021\/"},"author":{"name":"Thomas Steiner","@id":"https:\/\/www.neimcke.de\/#\/schema\/person\/79240196b1c916ccd920eaff33fb5620"},"headline":"NEIMCKE Jubilare 2021","datePublished":"2021-09-29T06:11:41+00:00","dateModified":"2023-04-14T09:45:45+00:00","mainEntityOfPage":{"@id":"https:\/\/www.neimcke.de\/neimcke-jubilare-2021\/"},"wordCount":111,"articleSection":["Unkategorisiert"],"inLanguage":"de-AT"},{"@type":"WebPage","@id":"https:\/\/www.neimcke.de\/neimcke-jubilare-2021\/","url":"https:\/\/www.neimcke.de\/neimcke-jubilare-2021\/","name":"NEIMCKE Jubilare 2021","isPartOf":{"@id":"https:\/\/www.neimcke.de\/#website"},"datePublished":"2021-09-29T06:11:41+00:00","dateModified":"2023-04-14T09:45:45+00:00","author":{"@id":"https:\/\/www.neimcke.de\/#\/schema\/person\/79240196b1c916ccd920eaff33fb5620"},"description":"Im September fand das Jubil\u00e4umsessen der diesj\u00e4hrigen Jubilare statt. Wir freuen uns auf weitere erfolgreiche Jahre zusammen!","breadcrumb":{"@id":"https:\/\/www.neimcke.de\/neimcke-jubilare-2021\/#breadcrumb"},"inLanguage":"de-AT","potentialAction":[{"@type":"ReadAction","target":["https:\/\/www.neimcke.de\/neimcke-jubilare-2021\/"]}]},{"@type":"BreadcrumbList","@id":"https:\/\/www.neimcke.de\/neimcke-jubilare-2021\/#breadcrumb","itemListElement":[{"@type":"ListItem","position":1,"name":"Startseite","item":"https:\/\/www.neimcke.de\/at\/www-neimcke-de\/"},{"@type":"ListItem","position":2,"name":"NEIMCKE Jubilare 2021"}]},{"@type":"WebSite","@id":"https:\/\/www.neimcke.de\/#website","url":"https:\/\/www.neimcke.de\/","name":"Neimcke - Weil jedes Teil z\u00e4hlt! Gro\u00dfhandel f\u00fcr Kfz-Ersatzteile, Verschlei\u00dfteile und Werkstatteinrichtung. | Gro\u00dfhandel, Autoteile, Autozubeh\u00f6r, Werkstatteinrichtung","description":"Weil jedes Teil z\u00e4hlt! Gro\u00dfhandel f\u00fcr Kfz-Ersatzteile, Verschlei\u00dfteile und Werkstatteinrichtung.","potentialAction":[{"@type":"SearchAction","target":{"@type":"EntryPoint","urlTemplate":"https:\/\/www.neimcke.de\/?s={search_term_string}"},"query-input":{"@type":"PropertyValueSpecification","valueRequired":true,"valueName":"search_term_string"}}],"inLanguage":"de-AT"},{"@type":"Person","@id":"https:\/\/www.neimcke.de\/#\/schema\/person\/79240196b1c916ccd920eaff33fb5620","name":"Thomas Steiner","image":{"@type":"ImageObject","inLanguage":"de-AT","@id":"https:\/\/www.neimcke.de\/#\/schema\/person\/image\/","url":"https:\/\/secure.gravatar.com\/avatar\/86da04914b2ee32923c672eed7095ef34270eac3a3c1951d32152792dd8f4da5?s=96&d=mm&r=g","contentUrl":"https:\/\/secure.gravatar.com\/avatar\/86da04914b2ee32923c672eed7095ef34270eac3a3c1951d32152792dd8f4da5?s=96&d=mm&r=g","caption":"Thomas Steiner"},"url":"https:\/\/www.neimcke.de\/at\/author\/bitminds\/"}]}},"_links":{"self":[{"href":"https:\/\/www.neimcke.de\/at\/wp-json\/wp\/v2\/posts\/6867","targetHints":{"allow":["GET"]}}],"collection":[{"href":"https:\/\/www.neimcke.de\/at\/wp-json\/wp\/v2\/posts"}],"about":[{"href":"https:\/\/www.neimcke.de\/at\/wp-json\/wp\/v2\/types\/post"}],"author":[{"embeddable":true,"href":"https:\/\/www.neimcke.de\/at\/wp-json\/wp\/v2\/users\/9"}],"replies":[{"embeddable":true,"href":"https:\/\/www.neimcke.de\/at\/wp-json\/wp\/v2\/comments?post=6867"}],"version-history":[{"count":3,"href":"https:\/\/www.neimcke.de\/at\/wp-json\/wp\/v2\/posts\/6867\/revisions"}],"predecessor-version":[{"id":7847,"href":"https:\/\/www.neimcke.de\/at\/wp-json\/wp\/v2\/posts\/6867\/revisions\/7847"}],"wp:attachment":[{"href":"https:\/\/www.neimcke.de\/at\/wp-json\/wp\/v2\/media?parent=6867"}],"wp:term":[{"taxonomy":"category","embeddable":true,"href":"https:\/\/www.neimcke.de\/at\/wp-json\/wp\/v2\/categories?post=6867"},{"taxonomy":"post_tag","embeddable":true,"href":"https:\/\/www.neimcke.de\/at\/wp-json\/wp\/v2\/tags?post=6867"}],"curies":[{"name":"wp","href":"https:\/\/api.w.org\/{rel}","templated":true}]}}