{"id":6808,"date":"2021-09-16T08:03:19","date_gmt":"2021-09-16T06:03:19","guid":{"rendered":"https:\/\/www.neimcke.de\/?p=6808"},"modified":"2021-09-16T08:03:19","modified_gmt":"2021-09-16T06:03:19","slug":"neue-auszubildende-in-der-neimcke-niederlassung-traunstein-3","status":"publish","type":"post","link":"https:\/\/www.neimcke.de\/at\/neue-auszubildende-in-der-neimcke-niederlassung-traunstein-3\/","title":{"rendered":"Neue Auszubildende in der NEIMCKE Niederlassung Traunstein"},"content":{"rendered":"<div>\n<div>Wir begr\u00fc\u00dfen unsere\u00a0neuen Auszubildenden in der Niederlassung Traunstein und w\u00fcnschen viel Spa\u00df und Erfolg bei der Ausbildung! Am ihrem Ersten Arbeitstag wurden die neuen Azubis durch die Ausbildungsleiterin Erika Ortner begr\u00fc\u00dft. Nach einer Firmenf\u00fchrung folgten ein gemeinsames Wei\u00dfwurstfr\u00fchst\u00fcck, die Sicherheitsunterweisung sowie anschlie\u00dfend die Einarbeitung in ihren neuen Arbeitsalltag.<\/div>\n<div><\/div>\n<div>Auf dem Bild (unten von links): Niederlassungsleiter Rainer Ortner, Ausbildungsleiterin Erika Ortner, David Fenis, Fabian Feigl, Markus Neuhauser, Angela Leitmann<\/div>\n<div>\n<div>Auf dem Bild (oben von links): Julia Reichgruber, Benjamin Steinberger, Stephanie Ogij<\/div>\n<div><\/div>\n<\/div>\n<\/div>\n<p>&nbsp;<\/p>\n","protected":false},"excerpt":{"rendered":"<p>Wir begr\u00fc\u00dfen unsere\u00a0neuen Auszubildenden in der Niederlassung Traunstein und w\u00fcnschen viel Spa\u00df und Erfolg bei der Ausbildung! Am ihrem Ersten Arbeitstag wurden die neuen Azubis durch die Ausbildungsleiterin Erika Ortner begr\u00fc\u00dft. Nach einer Firmenf\u00fchrung folgten ein gemeinsames Wei\u00dfwurstfr\u00fchst\u00fcck, die Sicherheitsunterweisung sowie anschlie\u00dfend die Einarbeitung in ihren neuen Arbeitsalltag. Auf dem Bild (unten von links): Niederlassungsleiter&nbsp; <a href=\"https:\/\/www.neimcke.de\/at\/neue-auszubildende-in-der-neimcke-niederlassung-traunstein-3\/\">&hellip; Read more <i class=\"fa fa-arrow-right\"><\/i><\/a><\/p>\n","protected":false},"author":9,"featured_media":0,"comment_status":"closed","ping_status":"closed","sticky":false,"template":"","format":"standard","meta":{"_acf_changed":false,"footnotes":""},"categories":[1],"tags":[],"class_list":["post-6808","post","type-post","status-publish","format-standard","hentry","category-unkategorisiert"],"acf":[],"yoast_head":"<!-- This site is optimized with the Yoast SEO plugin v26.7 - https:\/\/yoast.com\/wordpress\/plugins\/seo\/ -->\n<title>Neue Auszubildende in der NEIMCKE Niederlassung Traunstein<\/title>\n<meta name=\"description\" content=\"Die NEIMCKE Niederlassung Traunstein durfte am 01.09.2021 6 neue Azubis begr\u00fc\u00dfen. Wir w\u00fcnschen ihnen viel Spa\u00df und Erfolg in ihrer Ausbildung!\" \/>\n<meta name=\"robots\" content=\"index, follow, max-snippet:-1, max-image-preview:large, max-video-preview:-1\" \/>\n<link rel=\"canonical\" href=\"https:\/\/www.neimcke.de\/neue-auszubildende-in-der-neimcke-niederlassung-traunstein-3\/\" \/>\n<meta property=\"og:locale\" content=\"de_DE\" \/>\n<meta property=\"og:type\" content=\"article\" \/>\n<meta property=\"og:title\" content=\"Neue Auszubildende in der NEIMCKE Niederlassung Traunstein\" \/>\n<meta property=\"og:description\" content=\"Die NEIMCKE Niederlassung Traunstein durfte am 01.09.2021 6 neue Azubis begr\u00fc\u00dfen. Wir w\u00fcnschen ihnen viel Spa\u00df und Erfolg in ihrer Ausbildung!\" \/>\n<meta property=\"og:url\" content=\"https:\/\/www.neimcke.de\/neue-auszubildende-in-der-neimcke-niederlassung-traunstein-3\/\" \/>\n<meta property=\"og:site_name\" content=\"Neimcke - Weil jedes Teil z\u00e4hlt! Gro\u00dfhandel f\u00fcr Kfz-Ersatzteile, Verschlei\u00dfteile und Werkstatteinrichtung. | Gro\u00dfhandel, Autoteile, Autozubeh\u00f6r, Werkstatteinrichtung\" \/>\n<meta property=\"article:publisher\" content=\"https:\/\/de-de.facebook.com\/Neimcke\/\" \/>\n<meta property=\"article:published_time\" content=\"2021-09-16T06:03:19+00:00\" \/>\n<meta name=\"author\" content=\"Thomas Steiner\" \/>\n<meta name=\"twitter:card\" content=\"summary_large_image\" \/>\n<meta name=\"twitter:creator\" content=\"@neimcke\" \/>\n<meta name=\"twitter:site\" content=\"@neimcke\" \/>\n<meta name=\"twitter:label1\" content=\"Written by\" \/>\n\t<meta name=\"twitter:data1\" content=\"Thomas Steiner\" \/>\n<script type=\"application\/ld+json\" class=\"yoast-schema-graph\">{\"@context\":\"https:\/\/schema.org\",\"@graph\":[{\"@type\":\"Article\",\"@id\":\"https:\/\/www.neimcke.de\/neue-auszubildende-in-der-neimcke-niederlassung-traunstein-3\/#article\",\"isPartOf\":{\"@id\":\"https:\/\/www.neimcke.de\/neue-auszubildende-in-der-neimcke-niederlassung-traunstein-3\/\"},\"author\":{\"name\":\"Thomas Steiner\",\"@id\":\"https:\/\/www.neimcke.de\/#\/schema\/person\/79240196b1c916ccd920eaff33fb5620\"},\"headline\":\"Neue Auszubildende in der NEIMCKE Niederlassung Traunstein\",\"datePublished\":\"2021-09-16T06:03:19+00:00\",\"mainEntityOfPage\":{\"@id\":\"https:\/\/www.neimcke.de\/neue-auszubildende-in-der-neimcke-niederlassung-traunstein-3\/\"},\"wordCount\":97,\"articleSection\":[\"Unkategorisiert\"],\"inLanguage\":\"de-AT\"},{\"@type\":\"WebPage\",\"@id\":\"https:\/\/www.neimcke.de\/neue-auszubildende-in-der-neimcke-niederlassung-traunstein-3\/\",\"url\":\"https:\/\/www.neimcke.de\/neue-auszubildende-in-der-neimcke-niederlassung-traunstein-3\/\",\"name\":\"Neue Auszubildende in der NEIMCKE Niederlassung Traunstein\",\"isPartOf\":{\"@id\":\"https:\/\/www.neimcke.de\/#website\"},\"datePublished\":\"2021-09-16T06:03:19+00:00\",\"author\":{\"@id\":\"https:\/\/www.neimcke.de\/#\/schema\/person\/79240196b1c916ccd920eaff33fb5620\"},\"description\":\"Die NEIMCKE Niederlassung Traunstein durfte am 01.09.2021 6 neue Azubis begr\u00fc\u00dfen. Wir w\u00fcnschen ihnen viel Spa\u00df und Erfolg in ihrer Ausbildung!\",\"breadcrumb\":{\"@id\":\"https:\/\/www.neimcke.de\/neue-auszubildende-in-der-neimcke-niederlassung-traunstein-3\/#breadcrumb\"},\"inLanguage\":\"de-AT\",\"potentialAction\":[{\"@type\":\"ReadAction\",\"target\":[\"https:\/\/www.neimcke.de\/neue-auszubildende-in-der-neimcke-niederlassung-traunstein-3\/\"]}]},{\"@type\":\"BreadcrumbList\",\"@id\":\"https:\/\/www.neimcke.de\/neue-auszubildende-in-der-neimcke-niederlassung-traunstein-3\/#breadcrumb\",\"itemListElement\":[{\"@type\":\"ListItem\",\"position\":1,\"name\":\"Startseite\",\"item\":\"https:\/\/www.neimcke.de\/at\/www-neimcke-de\/\"},{\"@type\":\"ListItem\",\"position\":2,\"name\":\"Neue Auszubildende in der NEIMCKE Niederlassung Traunstein\"}]},{\"@type\":\"WebSite\",\"@id\":\"https:\/\/www.neimcke.de\/#website\",\"url\":\"https:\/\/www.neimcke.de\/\",\"name\":\"Neimcke - Weil jedes Teil z\u00e4hlt! Gro\u00dfhandel f\u00fcr Kfz-Ersatzteile, Verschlei\u00dfteile und Werkstatteinrichtung. | Gro\u00dfhandel, Autoteile, Autozubeh\u00f6r, Werkstatteinrichtung\",\"description\":\"Weil jedes Teil z\u00e4hlt! Gro\u00dfhandel f\u00fcr Kfz-Ersatzteile, Verschlei\u00dfteile und Werkstatteinrichtung.\",\"potentialAction\":[{\"@type\":\"SearchAction\",\"target\":{\"@type\":\"EntryPoint\",\"urlTemplate\":\"https:\/\/www.neimcke.de\/?s={search_term_string}\"},\"query-input\":{\"@type\":\"PropertyValueSpecification\",\"valueRequired\":true,\"valueName\":\"search_term_string\"}}],\"inLanguage\":\"de-AT\"},{\"@type\":\"Person\",\"@id\":\"https:\/\/www.neimcke.de\/#\/schema\/person\/79240196b1c916ccd920eaff33fb5620\",\"name\":\"Thomas Steiner\",\"image\":{\"@type\":\"ImageObject\",\"inLanguage\":\"de-AT\",\"@id\":\"https:\/\/www.neimcke.de\/#\/schema\/person\/image\/\",\"url\":\"https:\/\/secure.gravatar.com\/avatar\/86da04914b2ee32923c672eed7095ef34270eac3a3c1951d32152792dd8f4da5?s=96&d=mm&r=g\",\"contentUrl\":\"https:\/\/secure.gravatar.com\/avatar\/86da04914b2ee32923c672eed7095ef34270eac3a3c1951d32152792dd8f4da5?s=96&d=mm&r=g\",\"caption\":\"Thomas Steiner\"},\"url\":\"https:\/\/www.neimcke.de\/at\/author\/bitminds\/\"}]}<\/script>\n<!-- \/ Yoast SEO plugin. -->","yoast_head_json":{"title":"Neue Auszubildende in der NEIMCKE Niederlassung Traunstein","description":"Die NEIMCKE Niederlassung Traunstein durfte am 01.09.2021 6 neue Azubis begr\u00fc\u00dfen. Wir w\u00fcnschen ihnen viel Spa\u00df und Erfolg in ihrer Ausbildung!","robots":{"index":"index","follow":"follow","max-snippet":"max-snippet:-1","max-image-preview":"max-image-preview:large","max-video-preview":"max-video-preview:-1"},"canonical":"https:\/\/www.neimcke.de\/neue-auszubildende-in-der-neimcke-niederlassung-traunstein-3\/","og_locale":"de_DE","og_type":"article","og_title":"Neue Auszubildende in der NEIMCKE Niederlassung Traunstein","og_description":"Die NEIMCKE Niederlassung Traunstein durfte am 01.09.2021 6 neue Azubis begr\u00fc\u00dfen. Wir w\u00fcnschen ihnen viel Spa\u00df und Erfolg in ihrer Ausbildung!","og_url":"https:\/\/www.neimcke.de\/neue-auszubildende-in-der-neimcke-niederlassung-traunstein-3\/","og_site_name":"Neimcke - Weil jedes Teil z\u00e4hlt! Gro\u00dfhandel f\u00fcr Kfz-Ersatzteile, Verschlei\u00dfteile und Werkstatteinrichtung. | Gro\u00dfhandel, Autoteile, Autozubeh\u00f6r, Werkstatteinrichtung","article_publisher":"https:\/\/de-de.facebook.com\/Neimcke\/","article_published_time":"2021-09-16T06:03:19+00:00","author":"Thomas Steiner","twitter_card":"summary_large_image","twitter_creator":"@neimcke","twitter_site":"@neimcke","twitter_misc":{"Written by":"Thomas Steiner"},"schema":{"@context":"https:\/\/schema.org","@graph":[{"@type":"Article","@id":"https:\/\/www.neimcke.de\/neue-auszubildende-in-der-neimcke-niederlassung-traunstein-3\/#article","isPartOf":{"@id":"https:\/\/www.neimcke.de\/neue-auszubildende-in-der-neimcke-niederlassung-traunstein-3\/"},"author":{"name":"Thomas Steiner","@id":"https:\/\/www.neimcke.de\/#\/schema\/person\/79240196b1c916ccd920eaff33fb5620"},"headline":"Neue Auszubildende in der NEIMCKE Niederlassung Traunstein","datePublished":"2021-09-16T06:03:19+00:00","mainEntityOfPage":{"@id":"https:\/\/www.neimcke.de\/neue-auszubildende-in-der-neimcke-niederlassung-traunstein-3\/"},"wordCount":97,"articleSection":["Unkategorisiert"],"inLanguage":"de-AT"},{"@type":"WebPage","@id":"https:\/\/www.neimcke.de\/neue-auszubildende-in-der-neimcke-niederlassung-traunstein-3\/","url":"https:\/\/www.neimcke.de\/neue-auszubildende-in-der-neimcke-niederlassung-traunstein-3\/","name":"Neue Auszubildende in der NEIMCKE Niederlassung Traunstein","isPartOf":{"@id":"https:\/\/www.neimcke.de\/#website"},"datePublished":"2021-09-16T06:03:19+00:00","author":{"@id":"https:\/\/www.neimcke.de\/#\/schema\/person\/79240196b1c916ccd920eaff33fb5620"},"description":"Die NEIMCKE Niederlassung Traunstein durfte am 01.09.2021 6 neue Azubis begr\u00fc\u00dfen. Wir w\u00fcnschen ihnen viel Spa\u00df und Erfolg in ihrer Ausbildung!","breadcrumb":{"@id":"https:\/\/www.neimcke.de\/neue-auszubildende-in-der-neimcke-niederlassung-traunstein-3\/#breadcrumb"},"inLanguage":"de-AT","potentialAction":[{"@type":"ReadAction","target":["https:\/\/www.neimcke.de\/neue-auszubildende-in-der-neimcke-niederlassung-traunstein-3\/"]}]},{"@type":"BreadcrumbList","@id":"https:\/\/www.neimcke.de\/neue-auszubildende-in-der-neimcke-niederlassung-traunstein-3\/#breadcrumb","itemListElement":[{"@type":"ListItem","position":1,"name":"Startseite","item":"https:\/\/www.neimcke.de\/at\/www-neimcke-de\/"},{"@type":"ListItem","position":2,"name":"Neue Auszubildende in der NEIMCKE Niederlassung Traunstein"}]},{"@type":"WebSite","@id":"https:\/\/www.neimcke.de\/#website","url":"https:\/\/www.neimcke.de\/","name":"Neimcke - Weil jedes Teil z\u00e4hlt! Gro\u00dfhandel f\u00fcr Kfz-Ersatzteile, Verschlei\u00dfteile und Werkstatteinrichtung. | Gro\u00dfhandel, Autoteile, Autozubeh\u00f6r, Werkstatteinrichtung","description":"Weil jedes Teil z\u00e4hlt! Gro\u00dfhandel f\u00fcr Kfz-Ersatzteile, Verschlei\u00dfteile und Werkstatteinrichtung.","potentialAction":[{"@type":"SearchAction","target":{"@type":"EntryPoint","urlTemplate":"https:\/\/www.neimcke.de\/?s={search_term_string}"},"query-input":{"@type":"PropertyValueSpecification","valueRequired":true,"valueName":"search_term_string"}}],"inLanguage":"de-AT"},{"@type":"Person","@id":"https:\/\/www.neimcke.de\/#\/schema\/person\/79240196b1c916ccd920eaff33fb5620","name":"Thomas Steiner","image":{"@type":"ImageObject","inLanguage":"de-AT","@id":"https:\/\/www.neimcke.de\/#\/schema\/person\/image\/","url":"https:\/\/secure.gravatar.com\/avatar\/86da04914b2ee32923c672eed7095ef34270eac3a3c1951d32152792dd8f4da5?s=96&d=mm&r=g","contentUrl":"https:\/\/secure.gravatar.com\/avatar\/86da04914b2ee32923c672eed7095ef34270eac3a3c1951d32152792dd8f4da5?s=96&d=mm&r=g","caption":"Thomas Steiner"},"url":"https:\/\/www.neimcke.de\/at\/author\/bitminds\/"}]}},"_links":{"self":[{"href":"https:\/\/www.neimcke.de\/at\/wp-json\/wp\/v2\/posts\/6808","targetHints":{"allow":["GET"]}}],"collection":[{"href":"https:\/\/www.neimcke.de\/at\/wp-json\/wp\/v2\/posts"}],"about":[{"href":"https:\/\/www.neimcke.de\/at\/wp-json\/wp\/v2\/types\/post"}],"author":[{"embeddable":true,"href":"https:\/\/www.neimcke.de\/at\/wp-json\/wp\/v2\/users\/9"}],"replies":[{"embeddable":true,"href":"https:\/\/www.neimcke.de\/at\/wp-json\/wp\/v2\/comments?post=6808"}],"version-history":[{"count":3,"href":"https:\/\/www.neimcke.de\/at\/wp-json\/wp\/v2\/posts\/6808\/revisions"}],"predecessor-version":[{"id":6819,"href":"https:\/\/www.neimcke.de\/at\/wp-json\/wp\/v2\/posts\/6808\/revisions\/6819"}],"wp:attachment":[{"href":"https:\/\/www.neimcke.de\/at\/wp-json\/wp\/v2\/media?parent=6808"}],"wp:term":[{"taxonomy":"category","embeddable":true,"href":"https:\/\/www.neimcke.de\/at\/wp-json\/wp\/v2\/categories?post=6808"},{"taxonomy":"post_tag","embeddable":true,"href":"https:\/\/www.neimcke.de\/at\/wp-json\/wp\/v2\/tags?post=6808"}],"curies":[{"name":"wp","href":"https:\/\/api.w.org\/{rel}","templated":true}]}}