{"id":6803,"date":"2021-09-09T08:05:25","date_gmt":"2021-09-09T06:05:25","guid":{"rendered":"https:\/\/www.neimcke.de\/?p=6803"},"modified":"2021-09-09T08:06:30","modified_gmt":"2021-09-09T06:06:30","slug":"neue-auszubildende-in-der-neimcke-niederlassung-muehldorf-4","status":"publish","type":"post","link":"https:\/\/www.neimcke.de\/at\/neue-auszubildende-in-der-neimcke-niederlassung-muehldorf-4\/","title":{"rendered":"Neue Auszubildende in der NEIMCKE Niederlassung M\u00fchldorf"},"content":{"rendered":"<div dir=\"auto\">Seit 01. September bereichern 6 neue Azubis unsere Niederlassung in M\u00fchldorf! F\u00fcr sie startet jetzt ein neuer Lebensabschnitt. An ihrem ersten Tag wurden Formalit\u00e4ten gekl\u00e4rt, die Niederlassung kennen gelernt sowie gemeinsam zu Mittag gegessen. Wir w\u00fcnschen ihnen viel Spa\u00df und Erfolg bei ihrer Ausbildung!<\/div>\n<div dir=\"auto\">Auf dem Gruppenbild von l.n.r, hinten: J\u00f6rg Neimcke (Gesch\u00e4ftsf\u00fchrer), Korinna Noller (Ausbildungsleiterin), Louis Steinbacher (Ausbildung zum Kaufmann f\u00fcr Gro\u00df- und Au\u00dfenhandelsmanagement), Leon Eicher (Ausbildung zum Kaufmann f\u00fcr Gro\u00df- und Au\u00dfenhandelsmanagement), Oliver Kis (Ausbildung zum Fachlagerist), Thomas Gillhuber (Ausbildung zum Fachlagerist), Michaela Emehrer (Ausbildungsbeauftrage im Bereich Rechnungswesen), Klaus Bichlmaier (Niederlassungsleitung M\u00fchldorf),<\/div>\n<div dir=\"auto\">vorne: Melina Krivic (Ausbildung zum Kauffrau f\u00fcr B\u00fcromanagement), Adriola Gashi (Ausbildung zur Kauffrau f\u00fcr Gro\u00df- und Au\u00dfenhandelsmanagement)<\/div>\n","protected":false},"excerpt":{"rendered":"<p>Seit 01. September bereichern 6 neue Azubis unsere Niederlassung in M\u00fchldorf! F\u00fcr sie startet jetzt ein neuer Lebensabschnitt. An ihrem ersten Tag wurden Formalit\u00e4ten gekl\u00e4rt, die Niederlassung kennen gelernt sowie gemeinsam zu Mittag gegessen. Wir w\u00fcnschen ihnen viel Spa\u00df und Erfolg bei ihrer Ausbildung! Auf dem Gruppenbild von l.n.r, hinten: J\u00f6rg Neimcke (Gesch\u00e4ftsf\u00fchrer), Korinna Noller&nbsp; <a href=\"https:\/\/www.neimcke.de\/at\/neue-auszubildende-in-der-neimcke-niederlassung-muehldorf-4\/\">&hellip; Read more <i class=\"fa fa-arrow-right\"><\/i><\/a><\/p>\n","protected":false},"author":9,"featured_media":0,"comment_status":"closed","ping_status":"closed","sticky":false,"template":"","format":"standard","meta":{"_acf_changed":false,"footnotes":""},"categories":[1],"tags":[],"class_list":["post-6803","post","type-post","status-publish","format-standard","hentry","category-unkategorisiert"],"acf":[],"yoast_head":"<!-- This site is optimized with the Yoast SEO plugin v26.7 - https:\/\/yoast.com\/wordpress\/plugins\/seo\/ -->\n<title>Neue Auszubildende in der NEIMCKE Niederlassung M\u00fchldorf<\/title>\n<meta name=\"description\" content=\"Wir stellen unsere neuen Auszubildenden in der NEIMCKE Niederlassung M\u00fchldorf vor. Am 01. September begannen 6 neue Azubis ihre Ausbildung bei uns.\" \/>\n<meta name=\"robots\" content=\"index, follow, max-snippet:-1, max-image-preview:large, max-video-preview:-1\" \/>\n<link rel=\"canonical\" href=\"https:\/\/www.neimcke.de\/neue-auszubildende-in-der-neimcke-niederlassung-muehldorf-4\/\" \/>\n<meta property=\"og:locale\" content=\"de_DE\" \/>\n<meta property=\"og:type\" content=\"article\" \/>\n<meta property=\"og:title\" content=\"Neue Auszubildende in der NEIMCKE Niederlassung M\u00fchldorf\" \/>\n<meta property=\"og:description\" content=\"Wir stellen unsere neuen Auszubildenden in der NEIMCKE Niederlassung M\u00fchldorf vor. Am 01. September begannen 6 neue Azubis ihre Ausbildung bei uns.\" \/>\n<meta property=\"og:url\" content=\"https:\/\/www.neimcke.de\/neue-auszubildende-in-der-neimcke-niederlassung-muehldorf-4\/\" \/>\n<meta property=\"og:site_name\" content=\"Neimcke - Weil jedes Teil z\u00e4hlt! Gro\u00dfhandel f\u00fcr Kfz-Ersatzteile, Verschlei\u00dfteile und Werkstatteinrichtung. | Gro\u00dfhandel, Autoteile, Autozubeh\u00f6r, Werkstatteinrichtung\" \/>\n<meta property=\"article:publisher\" content=\"https:\/\/de-de.facebook.com\/Neimcke\/\" \/>\n<meta property=\"article:published_time\" content=\"2021-09-09T06:05:25+00:00\" \/>\n<meta property=\"article:modified_time\" content=\"2021-09-09T06:06:30+00:00\" \/>\n<meta name=\"author\" content=\"Thomas Steiner\" \/>\n<meta name=\"twitter:card\" content=\"summary_large_image\" \/>\n<meta name=\"twitter:creator\" content=\"@neimcke\" \/>\n<meta name=\"twitter:site\" content=\"@neimcke\" \/>\n<meta name=\"twitter:label1\" content=\"Written by\" \/>\n\t<meta name=\"twitter:data1\" content=\"Thomas Steiner\" \/>\n\t<meta name=\"twitter:label2\" content=\"Est. reading time\" \/>\n\t<meta name=\"twitter:data2\" content=\"1 minute\" \/>\n<script type=\"application\/ld+json\" class=\"yoast-schema-graph\">{\"@context\":\"https:\/\/schema.org\",\"@graph\":[{\"@type\":\"Article\",\"@id\":\"https:\/\/www.neimcke.de\/neue-auszubildende-in-der-neimcke-niederlassung-muehldorf-4\/#article\",\"isPartOf\":{\"@id\":\"https:\/\/www.neimcke.de\/neue-auszubildende-in-der-neimcke-niederlassung-muehldorf-4\/\"},\"author\":{\"name\":\"Thomas Steiner\",\"@id\":\"https:\/\/www.neimcke.de\/#\/schema\/person\/79240196b1c916ccd920eaff33fb5620\"},\"headline\":\"Neue Auszubildende in der NEIMCKE Niederlassung M\u00fchldorf\",\"datePublished\":\"2021-09-09T06:05:25+00:00\",\"dateModified\":\"2021-09-09T06:06:30+00:00\",\"mainEntityOfPage\":{\"@id\":\"https:\/\/www.neimcke.de\/neue-auszubildende-in-der-neimcke-niederlassung-muehldorf-4\/\"},\"wordCount\":139,\"articleSection\":[\"Unkategorisiert\"],\"inLanguage\":\"de-AT\"},{\"@type\":\"WebPage\",\"@id\":\"https:\/\/www.neimcke.de\/neue-auszubildende-in-der-neimcke-niederlassung-muehldorf-4\/\",\"url\":\"https:\/\/www.neimcke.de\/neue-auszubildende-in-der-neimcke-niederlassung-muehldorf-4\/\",\"name\":\"Neue Auszubildende in der NEIMCKE Niederlassung M\u00fchldorf\",\"isPartOf\":{\"@id\":\"https:\/\/www.neimcke.de\/#website\"},\"datePublished\":\"2021-09-09T06:05:25+00:00\",\"dateModified\":\"2021-09-09T06:06:30+00:00\",\"author\":{\"@id\":\"https:\/\/www.neimcke.de\/#\/schema\/person\/79240196b1c916ccd920eaff33fb5620\"},\"description\":\"Wir stellen unsere neuen Auszubildenden in der NEIMCKE Niederlassung M\u00fchldorf vor. Am 01. September begannen 6 neue Azubis ihre Ausbildung bei uns.\",\"breadcrumb\":{\"@id\":\"https:\/\/www.neimcke.de\/neue-auszubildende-in-der-neimcke-niederlassung-muehldorf-4\/#breadcrumb\"},\"inLanguage\":\"de-AT\",\"potentialAction\":[{\"@type\":\"ReadAction\",\"target\":[\"https:\/\/www.neimcke.de\/neue-auszubildende-in-der-neimcke-niederlassung-muehldorf-4\/\"]}]},{\"@type\":\"BreadcrumbList\",\"@id\":\"https:\/\/www.neimcke.de\/neue-auszubildende-in-der-neimcke-niederlassung-muehldorf-4\/#breadcrumb\",\"itemListElement\":[{\"@type\":\"ListItem\",\"position\":1,\"name\":\"Startseite\",\"item\":\"https:\/\/www.neimcke.de\/at\/www-neimcke-de\/\"},{\"@type\":\"ListItem\",\"position\":2,\"name\":\"Neue Auszubildende in der NEIMCKE Niederlassung M\u00fchldorf\"}]},{\"@type\":\"WebSite\",\"@id\":\"https:\/\/www.neimcke.de\/#website\",\"url\":\"https:\/\/www.neimcke.de\/\",\"name\":\"Neimcke - Weil jedes Teil z\u00e4hlt! Gro\u00dfhandel f\u00fcr Kfz-Ersatzteile, Verschlei\u00dfteile und Werkstatteinrichtung. | Gro\u00dfhandel, Autoteile, Autozubeh\u00f6r, Werkstatteinrichtung\",\"description\":\"Weil jedes Teil z\u00e4hlt! Gro\u00dfhandel f\u00fcr Kfz-Ersatzteile, Verschlei\u00dfteile und Werkstatteinrichtung.\",\"potentialAction\":[{\"@type\":\"SearchAction\",\"target\":{\"@type\":\"EntryPoint\",\"urlTemplate\":\"https:\/\/www.neimcke.de\/?s={search_term_string}\"},\"query-input\":{\"@type\":\"PropertyValueSpecification\",\"valueRequired\":true,\"valueName\":\"search_term_string\"}}],\"inLanguage\":\"de-AT\"},{\"@type\":\"Person\",\"@id\":\"https:\/\/www.neimcke.de\/#\/schema\/person\/79240196b1c916ccd920eaff33fb5620\",\"name\":\"Thomas Steiner\",\"image\":{\"@type\":\"ImageObject\",\"inLanguage\":\"de-AT\",\"@id\":\"https:\/\/www.neimcke.de\/#\/schema\/person\/image\/\",\"url\":\"https:\/\/secure.gravatar.com\/avatar\/86da04914b2ee32923c672eed7095ef34270eac3a3c1951d32152792dd8f4da5?s=96&d=mm&r=g\",\"contentUrl\":\"https:\/\/secure.gravatar.com\/avatar\/86da04914b2ee32923c672eed7095ef34270eac3a3c1951d32152792dd8f4da5?s=96&d=mm&r=g\",\"caption\":\"Thomas Steiner\"},\"url\":\"https:\/\/www.neimcke.de\/at\/author\/bitminds\/\"}]}<\/script>\n<!-- \/ Yoast SEO plugin. -->","yoast_head_json":{"title":"Neue Auszubildende in der NEIMCKE Niederlassung M\u00fchldorf","description":"Wir stellen unsere neuen Auszubildenden in der NEIMCKE Niederlassung M\u00fchldorf vor. Am 01. September begannen 6 neue Azubis ihre Ausbildung bei uns.","robots":{"index":"index","follow":"follow","max-snippet":"max-snippet:-1","max-image-preview":"max-image-preview:large","max-video-preview":"max-video-preview:-1"},"canonical":"https:\/\/www.neimcke.de\/neue-auszubildende-in-der-neimcke-niederlassung-muehldorf-4\/","og_locale":"de_DE","og_type":"article","og_title":"Neue Auszubildende in der NEIMCKE Niederlassung M\u00fchldorf","og_description":"Wir stellen unsere neuen Auszubildenden in der NEIMCKE Niederlassung M\u00fchldorf vor. Am 01. September begannen 6 neue Azubis ihre Ausbildung bei uns.","og_url":"https:\/\/www.neimcke.de\/neue-auszubildende-in-der-neimcke-niederlassung-muehldorf-4\/","og_site_name":"Neimcke - Weil jedes Teil z\u00e4hlt! Gro\u00dfhandel f\u00fcr Kfz-Ersatzteile, Verschlei\u00dfteile und Werkstatteinrichtung. | Gro\u00dfhandel, Autoteile, Autozubeh\u00f6r, Werkstatteinrichtung","article_publisher":"https:\/\/de-de.facebook.com\/Neimcke\/","article_published_time":"2021-09-09T06:05:25+00:00","article_modified_time":"2021-09-09T06:06:30+00:00","author":"Thomas Steiner","twitter_card":"summary_large_image","twitter_creator":"@neimcke","twitter_site":"@neimcke","twitter_misc":{"Written by":"Thomas Steiner","Est. reading time":"1 minute"},"schema":{"@context":"https:\/\/schema.org","@graph":[{"@type":"Article","@id":"https:\/\/www.neimcke.de\/neue-auszubildende-in-der-neimcke-niederlassung-muehldorf-4\/#article","isPartOf":{"@id":"https:\/\/www.neimcke.de\/neue-auszubildende-in-der-neimcke-niederlassung-muehldorf-4\/"},"author":{"name":"Thomas Steiner","@id":"https:\/\/www.neimcke.de\/#\/schema\/person\/79240196b1c916ccd920eaff33fb5620"},"headline":"Neue Auszubildende in der NEIMCKE Niederlassung M\u00fchldorf","datePublished":"2021-09-09T06:05:25+00:00","dateModified":"2021-09-09T06:06:30+00:00","mainEntityOfPage":{"@id":"https:\/\/www.neimcke.de\/neue-auszubildende-in-der-neimcke-niederlassung-muehldorf-4\/"},"wordCount":139,"articleSection":["Unkategorisiert"],"inLanguage":"de-AT"},{"@type":"WebPage","@id":"https:\/\/www.neimcke.de\/neue-auszubildende-in-der-neimcke-niederlassung-muehldorf-4\/","url":"https:\/\/www.neimcke.de\/neue-auszubildende-in-der-neimcke-niederlassung-muehldorf-4\/","name":"Neue Auszubildende in der NEIMCKE Niederlassung M\u00fchldorf","isPartOf":{"@id":"https:\/\/www.neimcke.de\/#website"},"datePublished":"2021-09-09T06:05:25+00:00","dateModified":"2021-09-09T06:06:30+00:00","author":{"@id":"https:\/\/www.neimcke.de\/#\/schema\/person\/79240196b1c916ccd920eaff33fb5620"},"description":"Wir stellen unsere neuen Auszubildenden in der NEIMCKE Niederlassung M\u00fchldorf vor. Am 01. September begannen 6 neue Azubis ihre Ausbildung bei uns.","breadcrumb":{"@id":"https:\/\/www.neimcke.de\/neue-auszubildende-in-der-neimcke-niederlassung-muehldorf-4\/#breadcrumb"},"inLanguage":"de-AT","potentialAction":[{"@type":"ReadAction","target":["https:\/\/www.neimcke.de\/neue-auszubildende-in-der-neimcke-niederlassung-muehldorf-4\/"]}]},{"@type":"BreadcrumbList","@id":"https:\/\/www.neimcke.de\/neue-auszubildende-in-der-neimcke-niederlassung-muehldorf-4\/#breadcrumb","itemListElement":[{"@type":"ListItem","position":1,"name":"Startseite","item":"https:\/\/www.neimcke.de\/at\/www-neimcke-de\/"},{"@type":"ListItem","position":2,"name":"Neue Auszubildende in der NEIMCKE Niederlassung M\u00fchldorf"}]},{"@type":"WebSite","@id":"https:\/\/www.neimcke.de\/#website","url":"https:\/\/www.neimcke.de\/","name":"Neimcke - Weil jedes Teil z\u00e4hlt! Gro\u00dfhandel f\u00fcr Kfz-Ersatzteile, Verschlei\u00dfteile und Werkstatteinrichtung. | Gro\u00dfhandel, Autoteile, Autozubeh\u00f6r, Werkstatteinrichtung","description":"Weil jedes Teil z\u00e4hlt! Gro\u00dfhandel f\u00fcr Kfz-Ersatzteile, Verschlei\u00dfteile und Werkstatteinrichtung.","potentialAction":[{"@type":"SearchAction","target":{"@type":"EntryPoint","urlTemplate":"https:\/\/www.neimcke.de\/?s={search_term_string}"},"query-input":{"@type":"PropertyValueSpecification","valueRequired":true,"valueName":"search_term_string"}}],"inLanguage":"de-AT"},{"@type":"Person","@id":"https:\/\/www.neimcke.de\/#\/schema\/person\/79240196b1c916ccd920eaff33fb5620","name":"Thomas Steiner","image":{"@type":"ImageObject","inLanguage":"de-AT","@id":"https:\/\/www.neimcke.de\/#\/schema\/person\/image\/","url":"https:\/\/secure.gravatar.com\/avatar\/86da04914b2ee32923c672eed7095ef34270eac3a3c1951d32152792dd8f4da5?s=96&d=mm&r=g","contentUrl":"https:\/\/secure.gravatar.com\/avatar\/86da04914b2ee32923c672eed7095ef34270eac3a3c1951d32152792dd8f4da5?s=96&d=mm&r=g","caption":"Thomas Steiner"},"url":"https:\/\/www.neimcke.de\/at\/author\/bitminds\/"}]}},"_links":{"self":[{"href":"https:\/\/www.neimcke.de\/at\/wp-json\/wp\/v2\/posts\/6803","targetHints":{"allow":["GET"]}}],"collection":[{"href":"https:\/\/www.neimcke.de\/at\/wp-json\/wp\/v2\/posts"}],"about":[{"href":"https:\/\/www.neimcke.de\/at\/wp-json\/wp\/v2\/types\/post"}],"author":[{"embeddable":true,"href":"https:\/\/www.neimcke.de\/at\/wp-json\/wp\/v2\/users\/9"}],"replies":[{"embeddable":true,"href":"https:\/\/www.neimcke.de\/at\/wp-json\/wp\/v2\/comments?post=6803"}],"version-history":[{"count":2,"href":"https:\/\/www.neimcke.de\/at\/wp-json\/wp\/v2\/posts\/6803\/revisions"}],"predecessor-version":[{"id":6807,"href":"https:\/\/www.neimcke.de\/at\/wp-json\/wp\/v2\/posts\/6803\/revisions\/6807"}],"wp:attachment":[{"href":"https:\/\/www.neimcke.de\/at\/wp-json\/wp\/v2\/media?parent=6803"}],"wp:term":[{"taxonomy":"category","embeddable":true,"href":"https:\/\/www.neimcke.de\/at\/wp-json\/wp\/v2\/categories?post=6803"},{"taxonomy":"post_tag","embeddable":true,"href":"https:\/\/www.neimcke.de\/at\/wp-json\/wp\/v2\/tags?post=6803"}],"curies":[{"name":"wp","href":"https:\/\/api.w.org\/{rel}","templated":true}]}}