{"id":6495,"date":"2021-03-22T11:52:31","date_gmt":"2021-03-22T10:52:31","guid":{"rendered":"https:\/\/www.neimcke.de\/?p=6495"},"modified":"2021-03-22T11:52:31","modified_gmt":"2021-03-22T10:52:31","slug":"girlsday-2021","status":"publish","type":"post","link":"https:\/\/www.neimcke.de\/at\/girlsday-2021\/","title":{"rendered":"Girlsday 2021"},"content":{"rendered":"<div>Der n\u00e4chste Girls&#8217;Day findet am 22. April 2021\u00a0statt. Die NEIMCKE Niederlassung Traunstein bietet dieses Jahr eine Online-Veranstaltung an.\u00a0N\u00e4here Infos zum Girls&#8217;Day und die Anmeldung findet Ihr unter\u00a0<a title=\"https:\/\/urldefense.proofpoint.com\/v2\/url?u=https-3A__www.girlsday.info_&amp;d=DwMFAw&amp;c=GxnknYc_joVOeY11_sgW6g&amp;r=5SD9t9R3bUcblZvlQIWn1Unos7jqi1qYuV5is90YqP8&amp;m=wpg1ZQ-L-ubBRZRSpp65ymvu8m-M2S90JQtr405WfQQ&amp;s=YT8RutCiakmIrd1cl9pGZkRetKNgdlbu_MyY7rKsb0A&amp;e=\" href=\"https:\/\/urldefense.proofpoint.com\/v2\/url?u=https-3A__www.girlsday.info_&amp;d=DwMFAw&amp;c=GxnknYc_joVOeY11_sgW6g&amp;r=5SD9t9R3bUcblZvlQIWn1Unos7jqi1qYuV5is90YqP8&amp;m=wpg1ZQ-L-ubBRZRSpp65ymvu8m-M2S90JQtr405WfQQ&amp;s=YT8RutCiakmIrd1cl9pGZkRetKNgdlbu_MyY7rKsb0A&amp;e=\" target=\"_blank\" rel=\"noopener nofollow\" data-lynx-mode=\"async\" data-ft=\"{\">https:\/\/www.girlsday.info\/\u00a0<\/a><\/div>\n<div>N\u00e4here Infos zur Ausbildung bei Neimcke findet Ihr unter\u00a0<a title=\"https:\/\/www.neimcke.de\/karriere\/ausbildung\/\" href=\"https:\/\/www.neimcke.de\/karriere\/ausbildung\/\" target=\"_blank\" rel=\"noopener nofollow\" data-lynx-uri=\"https:\/\/l.facebook.com\/l.php?u=https%3A%2F%2Fwww.neimcke.de%2Fkarriere%2Fausbildung%2F%3Ffbclid%3DIwAR2OKmDs3XDoTJT-3ZClOUqCNI8qRmWKNjR3325qQ3ydcyPBEgAqKdmezoY&amp;h=AT3RIiePOSWIVciWkdeaV3BOi4Yy30wBuvs1yftktiBLbsFutfy62hgdOYvjC8wW08NwmGAroyims18PM_aGAhHleSCphcNCRWaAnHHCTT_Me1ShIw4OmMUAnWReRd0TyozfLAO5r0OdoNbQ0vEjTVWNBG6SYvzzHSMvUyeiGi2mZY2dz4lebJzlnV9mYLsH8qgOF64LsynDxw9CDR2nViyggYIQ-CyYxc1QdV7bFI4aWwFnrNm06DLKqKnYKdrL_kRW1ecFDyL4ijzzjCryx_i902LlOviFQKkJi--26GklnfB-WDzih-HIz7dG3_aMCtbUPUMI9KF0W2N8nzC0RMIcl3SMAcJzISFpOcvZJfstGDrlBbF04p8SSNrNGHdNXYULpM0ReFJzNGRY_LEmFbT_80XtaF3G1mdZiRNmMBkttm67z1c8SLCEge69oF6iszAFK2BjR0WRztyBF52hgEasD32crhnvk1Jcd4THuHCkWhjqYN2qThbbwrSnG1ta7EQMVaDkyCPePMp_GITWpjXZte33NQpTT7i6Fr5b6N2RCK-6qd3X2GA1D285nRnpI8RVDTyMzrO28wGNzTb6ry9depS1m4XCtndMDb0\" data-lynx-mode=\"async\" data-ft=\"{&quot;tn&quot;:&quot;-U&quot;}\">https:\/\/www.neimcke.de\/karriere\/ausbildung\/<\/a><\/div>\n<div>Wir freuen uns auf euch!<\/div>\n","protected":false},"excerpt":{"rendered":"<p>Der n\u00e4chste Girls&#8217;Day findet am 22. April 2021\u00a0statt. Die NEIMCKE Niederlassung Traunstein bietet dieses Jahr eine Online-Veranstaltung an.\u00a0N\u00e4here Infos zum Girls&#8217;Day und die Anmeldung findet Ihr unter\u00a0https:\/\/www.girlsday.info\/\u00a0 N\u00e4here Infos zur Ausbildung bei Neimcke findet Ihr unter\u00a0https:\/\/www.neimcke.de\/karriere\/ausbildung\/ Wir freuen uns auf euch!<\/p>\n","protected":false},"author":9,"featured_media":0,"comment_status":"closed","ping_status":"closed","sticky":false,"template":"","format":"standard","meta":{"_acf_changed":false,"footnotes":""},"categories":[1],"tags":[],"class_list":["post-6495","post","type-post","status-publish","format-standard","hentry","category-unkategorisiert"],"acf":[],"yoast_head":"<!-- This site is optimized with the Yoast SEO plugin v26.7 - https:\/\/yoast.com\/wordpress\/plugins\/seo\/ -->\n<title>Girlsday 2021 - Neimcke - Weil jedes Teil z\u00e4hlt! Gro\u00dfhandel f\u00fcr Kfz-Ersatzteile, Verschlei\u00dfteile und Werkstatteinrichtung. | Gro\u00dfhandel, Autoteile, Autozubeh\u00f6r, Werkstatteinrichtung<\/title>\n<meta name=\"robots\" content=\"index, follow, max-snippet:-1, max-image-preview:large, max-video-preview:-1\" \/>\n<link rel=\"canonical\" href=\"https:\/\/www.neimcke.de\/girlsday-2021\/\" \/>\n<meta property=\"og:locale\" content=\"de_DE\" \/>\n<meta property=\"og:type\" content=\"article\" \/>\n<meta property=\"og:title\" content=\"Girlsday 2021 - Neimcke - Weil jedes Teil z\u00e4hlt! Gro\u00dfhandel f\u00fcr Kfz-Ersatzteile, Verschlei\u00dfteile und Werkstatteinrichtung. | Gro\u00dfhandel, Autoteile, Autozubeh\u00f6r, Werkstatteinrichtung\" \/>\n<meta property=\"og:description\" content=\"Der n\u00e4chste Girls&#8217;Day findet am 22. April 2021\u00a0statt. Die NEIMCKE Niederlassung Traunstein bietet dieses Jahr eine Online-Veranstaltung an.\u00a0N\u00e4here Infos zum Girls&#8217;Day und die Anmeldung findet Ihr unter\u00a0https:\/\/www.girlsday.info\/\u00a0 N\u00e4here Infos zur Ausbildung bei Neimcke findet Ihr unter\u00a0https:\/\/www.neimcke.de\/karriere\/ausbildung\/ Wir freuen uns auf euch!\" \/>\n<meta property=\"og:url\" content=\"https:\/\/www.neimcke.de\/girlsday-2021\/\" \/>\n<meta property=\"og:site_name\" content=\"Neimcke - Weil jedes Teil z\u00e4hlt! Gro\u00dfhandel f\u00fcr Kfz-Ersatzteile, Verschlei\u00dfteile und Werkstatteinrichtung. | Gro\u00dfhandel, Autoteile, Autozubeh\u00f6r, Werkstatteinrichtung\" \/>\n<meta property=\"article:publisher\" content=\"https:\/\/de-de.facebook.com\/Neimcke\/\" \/>\n<meta property=\"article:published_time\" content=\"2021-03-22T10:52:31+00:00\" \/>\n<meta name=\"author\" content=\"Thomas Steiner\" \/>\n<meta name=\"twitter:card\" content=\"summary_large_image\" \/>\n<meta name=\"twitter:creator\" content=\"@neimcke\" \/>\n<meta name=\"twitter:site\" content=\"@neimcke\" \/>\n<meta name=\"twitter:label1\" content=\"Written by\" \/>\n\t<meta name=\"twitter:data1\" content=\"Thomas Steiner\" \/>\n<script type=\"application\/ld+json\" class=\"yoast-schema-graph\">{\"@context\":\"https:\/\/schema.org\",\"@graph\":[{\"@type\":\"Article\",\"@id\":\"https:\/\/www.neimcke.de\/girlsday-2021\/#article\",\"isPartOf\":{\"@id\":\"https:\/\/www.neimcke.de\/girlsday-2021\/\"},\"author\":{\"name\":\"Thomas Steiner\",\"@id\":\"https:\/\/www.neimcke.de\/#\/schema\/person\/79240196b1c916ccd920eaff33fb5620\"},\"headline\":\"Girlsday 2021\",\"datePublished\":\"2021-03-22T10:52:31+00:00\",\"mainEntityOfPage\":{\"@id\":\"https:\/\/www.neimcke.de\/girlsday-2021\/\"},\"wordCount\":55,\"articleSection\":[\"Unkategorisiert\"],\"inLanguage\":\"de-AT\"},{\"@type\":\"WebPage\",\"@id\":\"https:\/\/www.neimcke.de\/girlsday-2021\/\",\"url\":\"https:\/\/www.neimcke.de\/girlsday-2021\/\",\"name\":\"Girlsday 2021 - Neimcke - Weil jedes Teil z\u00e4hlt! Gro\u00dfhandel f\u00fcr Kfz-Ersatzteile, Verschlei\u00dfteile und Werkstatteinrichtung. | Gro\u00dfhandel, Autoteile, Autozubeh\u00f6r, Werkstatteinrichtung\",\"isPartOf\":{\"@id\":\"https:\/\/www.neimcke.de\/#website\"},\"datePublished\":\"2021-03-22T10:52:31+00:00\",\"author\":{\"@id\":\"https:\/\/www.neimcke.de\/#\/schema\/person\/79240196b1c916ccd920eaff33fb5620\"},\"breadcrumb\":{\"@id\":\"https:\/\/www.neimcke.de\/girlsday-2021\/#breadcrumb\"},\"inLanguage\":\"de-AT\",\"potentialAction\":[{\"@type\":\"ReadAction\",\"target\":[\"https:\/\/www.neimcke.de\/girlsday-2021\/\"]}]},{\"@type\":\"BreadcrumbList\",\"@id\":\"https:\/\/www.neimcke.de\/girlsday-2021\/#breadcrumb\",\"itemListElement\":[{\"@type\":\"ListItem\",\"position\":1,\"name\":\"Startseite\",\"item\":\"https:\/\/www.neimcke.de\/at\/www-neimcke-de\/\"},{\"@type\":\"ListItem\",\"position\":2,\"name\":\"Girlsday 2021\"}]},{\"@type\":\"WebSite\",\"@id\":\"https:\/\/www.neimcke.de\/#website\",\"url\":\"https:\/\/www.neimcke.de\/\",\"name\":\"Neimcke - Weil jedes Teil z\u00e4hlt! Gro\u00dfhandel f\u00fcr Kfz-Ersatzteile, Verschlei\u00dfteile und Werkstatteinrichtung. | Gro\u00dfhandel, Autoteile, Autozubeh\u00f6r, Werkstatteinrichtung\",\"description\":\"Weil jedes Teil z\u00e4hlt! Gro\u00dfhandel f\u00fcr Kfz-Ersatzteile, Verschlei\u00dfteile und Werkstatteinrichtung.\",\"potentialAction\":[{\"@type\":\"SearchAction\",\"target\":{\"@type\":\"EntryPoint\",\"urlTemplate\":\"https:\/\/www.neimcke.de\/?s={search_term_string}\"},\"query-input\":{\"@type\":\"PropertyValueSpecification\",\"valueRequired\":true,\"valueName\":\"search_term_string\"}}],\"inLanguage\":\"de-AT\"},{\"@type\":\"Person\",\"@id\":\"https:\/\/www.neimcke.de\/#\/schema\/person\/79240196b1c916ccd920eaff33fb5620\",\"name\":\"Thomas Steiner\",\"image\":{\"@type\":\"ImageObject\",\"inLanguage\":\"de-AT\",\"@id\":\"https:\/\/www.neimcke.de\/#\/schema\/person\/image\/\",\"url\":\"https:\/\/secure.gravatar.com\/avatar\/86da04914b2ee32923c672eed7095ef34270eac3a3c1951d32152792dd8f4da5?s=96&d=mm&r=g\",\"contentUrl\":\"https:\/\/secure.gravatar.com\/avatar\/86da04914b2ee32923c672eed7095ef34270eac3a3c1951d32152792dd8f4da5?s=96&d=mm&r=g\",\"caption\":\"Thomas Steiner\"},\"url\":\"https:\/\/www.neimcke.de\/at\/author\/bitminds\/\"}]}<\/script>\n<!-- \/ Yoast SEO plugin. -->","yoast_head_json":{"title":"Girlsday 2021 - Neimcke - Weil jedes Teil z\u00e4hlt! Gro\u00dfhandel f\u00fcr Kfz-Ersatzteile, Verschlei\u00dfteile und Werkstatteinrichtung. | Gro\u00dfhandel, Autoteile, Autozubeh\u00f6r, Werkstatteinrichtung","robots":{"index":"index","follow":"follow","max-snippet":"max-snippet:-1","max-image-preview":"max-image-preview:large","max-video-preview":"max-video-preview:-1"},"canonical":"https:\/\/www.neimcke.de\/girlsday-2021\/","og_locale":"de_DE","og_type":"article","og_title":"Girlsday 2021 - Neimcke - Weil jedes Teil z\u00e4hlt! Gro\u00dfhandel f\u00fcr Kfz-Ersatzteile, Verschlei\u00dfteile und Werkstatteinrichtung. | Gro\u00dfhandel, Autoteile, Autozubeh\u00f6r, Werkstatteinrichtung","og_description":"Der n\u00e4chste Girls&#8217;Day findet am 22. April 2021\u00a0statt. Die NEIMCKE Niederlassung Traunstein bietet dieses Jahr eine Online-Veranstaltung an.\u00a0N\u00e4here Infos zum Girls&#8217;Day und die Anmeldung findet Ihr unter\u00a0https:\/\/www.girlsday.info\/\u00a0 N\u00e4here Infos zur Ausbildung bei Neimcke findet Ihr unter\u00a0https:\/\/www.neimcke.de\/karriere\/ausbildung\/ Wir freuen uns auf euch!","og_url":"https:\/\/www.neimcke.de\/girlsday-2021\/","og_site_name":"Neimcke - Weil jedes Teil z\u00e4hlt! Gro\u00dfhandel f\u00fcr Kfz-Ersatzteile, Verschlei\u00dfteile und Werkstatteinrichtung. | Gro\u00dfhandel, Autoteile, Autozubeh\u00f6r, Werkstatteinrichtung","article_publisher":"https:\/\/de-de.facebook.com\/Neimcke\/","article_published_time":"2021-03-22T10:52:31+00:00","author":"Thomas Steiner","twitter_card":"summary_large_image","twitter_creator":"@neimcke","twitter_site":"@neimcke","twitter_misc":{"Written by":"Thomas Steiner"},"schema":{"@context":"https:\/\/schema.org","@graph":[{"@type":"Article","@id":"https:\/\/www.neimcke.de\/girlsday-2021\/#article","isPartOf":{"@id":"https:\/\/www.neimcke.de\/girlsday-2021\/"},"author":{"name":"Thomas Steiner","@id":"https:\/\/www.neimcke.de\/#\/schema\/person\/79240196b1c916ccd920eaff33fb5620"},"headline":"Girlsday 2021","datePublished":"2021-03-22T10:52:31+00:00","mainEntityOfPage":{"@id":"https:\/\/www.neimcke.de\/girlsday-2021\/"},"wordCount":55,"articleSection":["Unkategorisiert"],"inLanguage":"de-AT"},{"@type":"WebPage","@id":"https:\/\/www.neimcke.de\/girlsday-2021\/","url":"https:\/\/www.neimcke.de\/girlsday-2021\/","name":"Girlsday 2021 - Neimcke - Weil jedes Teil z\u00e4hlt! Gro\u00dfhandel f\u00fcr Kfz-Ersatzteile, Verschlei\u00dfteile und Werkstatteinrichtung. | Gro\u00dfhandel, Autoteile, Autozubeh\u00f6r, Werkstatteinrichtung","isPartOf":{"@id":"https:\/\/www.neimcke.de\/#website"},"datePublished":"2021-03-22T10:52:31+00:00","author":{"@id":"https:\/\/www.neimcke.de\/#\/schema\/person\/79240196b1c916ccd920eaff33fb5620"},"breadcrumb":{"@id":"https:\/\/www.neimcke.de\/girlsday-2021\/#breadcrumb"},"inLanguage":"de-AT","potentialAction":[{"@type":"ReadAction","target":["https:\/\/www.neimcke.de\/girlsday-2021\/"]}]},{"@type":"BreadcrumbList","@id":"https:\/\/www.neimcke.de\/girlsday-2021\/#breadcrumb","itemListElement":[{"@type":"ListItem","position":1,"name":"Startseite","item":"https:\/\/www.neimcke.de\/at\/www-neimcke-de\/"},{"@type":"ListItem","position":2,"name":"Girlsday 2021"}]},{"@type":"WebSite","@id":"https:\/\/www.neimcke.de\/#website","url":"https:\/\/www.neimcke.de\/","name":"Neimcke - Weil jedes Teil z\u00e4hlt! Gro\u00dfhandel f\u00fcr Kfz-Ersatzteile, Verschlei\u00dfteile und Werkstatteinrichtung. | Gro\u00dfhandel, Autoteile, Autozubeh\u00f6r, Werkstatteinrichtung","description":"Weil jedes Teil z\u00e4hlt! Gro\u00dfhandel f\u00fcr Kfz-Ersatzteile, Verschlei\u00dfteile und Werkstatteinrichtung.","potentialAction":[{"@type":"SearchAction","target":{"@type":"EntryPoint","urlTemplate":"https:\/\/www.neimcke.de\/?s={search_term_string}"},"query-input":{"@type":"PropertyValueSpecification","valueRequired":true,"valueName":"search_term_string"}}],"inLanguage":"de-AT"},{"@type":"Person","@id":"https:\/\/www.neimcke.de\/#\/schema\/person\/79240196b1c916ccd920eaff33fb5620","name":"Thomas Steiner","image":{"@type":"ImageObject","inLanguage":"de-AT","@id":"https:\/\/www.neimcke.de\/#\/schema\/person\/image\/","url":"https:\/\/secure.gravatar.com\/avatar\/86da04914b2ee32923c672eed7095ef34270eac3a3c1951d32152792dd8f4da5?s=96&d=mm&r=g","contentUrl":"https:\/\/secure.gravatar.com\/avatar\/86da04914b2ee32923c672eed7095ef34270eac3a3c1951d32152792dd8f4da5?s=96&d=mm&r=g","caption":"Thomas Steiner"},"url":"https:\/\/www.neimcke.de\/at\/author\/bitminds\/"}]}},"_links":{"self":[{"href":"https:\/\/www.neimcke.de\/at\/wp-json\/wp\/v2\/posts\/6495","targetHints":{"allow":["GET"]}}],"collection":[{"href":"https:\/\/www.neimcke.de\/at\/wp-json\/wp\/v2\/posts"}],"about":[{"href":"https:\/\/www.neimcke.de\/at\/wp-json\/wp\/v2\/types\/post"}],"author":[{"embeddable":true,"href":"https:\/\/www.neimcke.de\/at\/wp-json\/wp\/v2\/users\/9"}],"replies":[{"embeddable":true,"href":"https:\/\/www.neimcke.de\/at\/wp-json\/wp\/v2\/comments?post=6495"}],"version-history":[{"count":2,"href":"https:\/\/www.neimcke.de\/at\/wp-json\/wp\/v2\/posts\/6495\/revisions"}],"predecessor-version":[{"id":6499,"href":"https:\/\/www.neimcke.de\/at\/wp-json\/wp\/v2\/posts\/6495\/revisions\/6499"}],"wp:attachment":[{"href":"https:\/\/www.neimcke.de\/at\/wp-json\/wp\/v2\/media?parent=6495"}],"wp:term":[{"taxonomy":"category","embeddable":true,"href":"https:\/\/www.neimcke.de\/at\/wp-json\/wp\/v2\/categories?post=6495"},{"taxonomy":"post_tag","embeddable":true,"href":"https:\/\/www.neimcke.de\/at\/wp-json\/wp\/v2\/tags?post=6495"}],"curies":[{"name":"wp","href":"https:\/\/api.w.org\/{rel}","templated":true}]}}