{"id":5453,"date":"2020-03-27T10:14:56","date_gmt":"2020-03-27T09:14:56","guid":{"rendered":"https:\/\/www.neimcke.de\/?p=5453"},"modified":"2020-03-27T10:14:56","modified_gmt":"2020-03-27T09:14:56","slug":"geschaeftsbetrieb-bei-neimcke-waehrend-der-coronakrise","status":"publish","type":"post","link":"https:\/\/www.neimcke.de\/at\/geschaeftsbetrieb-bei-neimcke-waehrend-der-coronakrise\/","title":{"rendered":"Gesch\u00e4ftsbetrieb bei Neimcke w\u00e4hrend der Coronakrise"},"content":{"rendered":"<p>Sehr geehrte Kunden,<\/p>\n<p>die Neimcke Gruppe hat sehr fr\u00fchzeitig alle notwendigen Ma\u00dfnahmen getroffen, um die Gesundheit der Mitarbeiter zu sch\u00fctzen und gleichzeitig telefonisch und online f\u00fcr Ihre Bestellungen da zu sein. Einige Mitarbeiter arbeiten, wenn m\u00f6glich, im Homeoffice. Andere halten in der Firma die Stellung.<\/p>\n<p>Alle Mitarbeiter wurden angehalten, die f\u00fcr jeden einzelnen wichtigen Schutzma\u00dfnahmen zu ber\u00fccksichtigen. Verhaltensweisen wie das Einhalten eines Mindestabstandes von mindestens 1,5 m, regelm\u00e4\u00dfiges H\u00e4ndewaschen und H\u00e4ndedesinfektion sind in dieser Zeit unverzichtbar.<\/p>\n<p>Wir beliefern Sie weiterhin wie gewohnt, solange uns durch staatliche Vorschriften nichts anderes vorgeschrieben wird.<\/p>\n<p>Bleiben Sie gesund!<\/p>\n<p>Ihr Neimcke Team<\/p>\n","protected":false},"excerpt":{"rendered":"<p>Sehr geehrte Kunden, die Neimcke Gruppe hat sehr fr\u00fchzeitig alle notwendigen Ma\u00dfnahmen getroffen, um die Gesundheit der Mitarbeiter zu sch\u00fctzen und gleichzeitig telefonisch und online f\u00fcr Ihre Bestellungen da zu sein. Einige Mitarbeiter arbeiten, wenn m\u00f6glich, im Homeoffice. Andere halten in der Firma die Stellung. Alle Mitarbeiter wurden angehalten, die f\u00fcr jeden einzelnen wichtigen Schutzma\u00dfnahmen&nbsp; <a href=\"https:\/\/www.neimcke.de\/at\/geschaeftsbetrieb-bei-neimcke-waehrend-der-coronakrise\/\">&hellip; Read more <i class=\"fa fa-arrow-right\"><\/i><\/a><\/p>\n","protected":false},"author":9,"featured_media":0,"comment_status":"closed","ping_status":"closed","sticky":false,"template":"","format":"standard","meta":{"_acf_changed":false,"footnotes":""},"categories":[1],"tags":[],"class_list":["post-5453","post","type-post","status-publish","format-standard","hentry","category-unkategorisiert"],"acf":[],"yoast_head":"<!-- This site is optimized with the Yoast SEO plugin v26.7 - https:\/\/yoast.com\/wordpress\/plugins\/seo\/ -->\n<title>Neimcke Gesch\u00e4ftsbetrieb w\u00e4hrend der Coronakrise<\/title>\n<meta name=\"description\" content=\"Neimcke hat sehr fr\u00fchzeitig Ma\u00dfnahmen getroffen, die Gesundheit der Mitarbeiter zu sch\u00fctzen und telefonischen und online f\u00fcr Ihre Bestellungen da zu sein.\" \/>\n<meta name=\"robots\" content=\"index, follow, max-snippet:-1, max-image-preview:large, max-video-preview:-1\" \/>\n<link rel=\"canonical\" href=\"https:\/\/www.neimcke.de\/geschaeftsbetrieb-bei-neimcke-waehrend-der-coronakrise\/\" \/>\n<meta property=\"og:locale\" content=\"de_DE\" \/>\n<meta property=\"og:type\" content=\"article\" \/>\n<meta property=\"og:title\" content=\"Neimcke Gesch\u00e4ftsbetrieb w\u00e4hrend der Coronakrise\" \/>\n<meta property=\"og:description\" content=\"Neimcke hat sehr fr\u00fchzeitig Ma\u00dfnahmen getroffen, die Gesundheit der Mitarbeiter zu sch\u00fctzen und telefonischen und online f\u00fcr Ihre Bestellungen da zu sein.\" \/>\n<meta property=\"og:url\" content=\"https:\/\/www.neimcke.de\/geschaeftsbetrieb-bei-neimcke-waehrend-der-coronakrise\/\" \/>\n<meta property=\"og:site_name\" content=\"Neimcke - Weil jedes Teil z\u00e4hlt! Gro\u00dfhandel f\u00fcr Kfz-Ersatzteile, Verschlei\u00dfteile und Werkstatteinrichtung. | Gro\u00dfhandel, Autoteile, Autozubeh\u00f6r, Werkstatteinrichtung\" \/>\n<meta property=\"article:publisher\" content=\"https:\/\/de-de.facebook.com\/Neimcke\/\" \/>\n<meta property=\"article:published_time\" content=\"2020-03-27T09:14:56+00:00\" \/>\n<meta name=\"author\" content=\"Thomas Steiner\" \/>\n<meta name=\"twitter:card\" content=\"summary_large_image\" \/>\n<meta name=\"twitter:creator\" content=\"@neimcke\" \/>\n<meta name=\"twitter:site\" content=\"@neimcke\" \/>\n<meta name=\"twitter:label1\" content=\"Written by\" \/>\n\t<meta name=\"twitter:data1\" content=\"Thomas Steiner\" \/>\n\t<meta name=\"twitter:label2\" content=\"Est. reading time\" \/>\n\t<meta name=\"twitter:data2\" content=\"1 minute\" \/>\n<script type=\"application\/ld+json\" class=\"yoast-schema-graph\">{\"@context\":\"https:\/\/schema.org\",\"@graph\":[{\"@type\":\"Article\",\"@id\":\"https:\/\/www.neimcke.de\/geschaeftsbetrieb-bei-neimcke-waehrend-der-coronakrise\/#article\",\"isPartOf\":{\"@id\":\"https:\/\/www.neimcke.de\/geschaeftsbetrieb-bei-neimcke-waehrend-der-coronakrise\/\"},\"author\":{\"name\":\"Thomas Steiner\",\"@id\":\"https:\/\/www.neimcke.de\/#\/schema\/person\/79240196b1c916ccd920eaff33fb5620\"},\"headline\":\"Gesch\u00e4ftsbetrieb bei Neimcke w\u00e4hrend der Coronakrise\",\"datePublished\":\"2020-03-27T09:14:56+00:00\",\"mainEntityOfPage\":{\"@id\":\"https:\/\/www.neimcke.de\/geschaeftsbetrieb-bei-neimcke-waehrend-der-coronakrise\/\"},\"wordCount\":115,\"articleSection\":[\"Unkategorisiert\"],\"inLanguage\":\"de-AT\"},{\"@type\":\"WebPage\",\"@id\":\"https:\/\/www.neimcke.de\/geschaeftsbetrieb-bei-neimcke-waehrend-der-coronakrise\/\",\"url\":\"https:\/\/www.neimcke.de\/geschaeftsbetrieb-bei-neimcke-waehrend-der-coronakrise\/\",\"name\":\"Neimcke Gesch\u00e4ftsbetrieb w\u00e4hrend der Coronakrise\",\"isPartOf\":{\"@id\":\"https:\/\/www.neimcke.de\/#website\"},\"datePublished\":\"2020-03-27T09:14:56+00:00\",\"author\":{\"@id\":\"https:\/\/www.neimcke.de\/#\/schema\/person\/79240196b1c916ccd920eaff33fb5620\"},\"description\":\"Neimcke hat sehr fr\u00fchzeitig Ma\u00dfnahmen getroffen, die Gesundheit der Mitarbeiter zu sch\u00fctzen und telefonischen und online f\u00fcr Ihre Bestellungen da zu sein.\",\"breadcrumb\":{\"@id\":\"https:\/\/www.neimcke.de\/geschaeftsbetrieb-bei-neimcke-waehrend-der-coronakrise\/#breadcrumb\"},\"inLanguage\":\"de-AT\",\"potentialAction\":[{\"@type\":\"ReadAction\",\"target\":[\"https:\/\/www.neimcke.de\/geschaeftsbetrieb-bei-neimcke-waehrend-der-coronakrise\/\"]}]},{\"@type\":\"BreadcrumbList\",\"@id\":\"https:\/\/www.neimcke.de\/geschaeftsbetrieb-bei-neimcke-waehrend-der-coronakrise\/#breadcrumb\",\"itemListElement\":[{\"@type\":\"ListItem\",\"position\":1,\"name\":\"Startseite\",\"item\":\"https:\/\/www.neimcke.de\/at\/www-neimcke-de\/\"},{\"@type\":\"ListItem\",\"position\":2,\"name\":\"Gesch\u00e4ftsbetrieb bei Neimcke w\u00e4hrend der Coronakrise\"}]},{\"@type\":\"WebSite\",\"@id\":\"https:\/\/www.neimcke.de\/#website\",\"url\":\"https:\/\/www.neimcke.de\/\",\"name\":\"Neimcke - Weil jedes Teil z\u00e4hlt! Gro\u00dfhandel f\u00fcr Kfz-Ersatzteile, Verschlei\u00dfteile und Werkstatteinrichtung. | Gro\u00dfhandel, Autoteile, Autozubeh\u00f6r, Werkstatteinrichtung\",\"description\":\"Weil jedes Teil z\u00e4hlt! Gro\u00dfhandel f\u00fcr Kfz-Ersatzteile, Verschlei\u00dfteile und Werkstatteinrichtung.\",\"potentialAction\":[{\"@type\":\"SearchAction\",\"target\":{\"@type\":\"EntryPoint\",\"urlTemplate\":\"https:\/\/www.neimcke.de\/?s={search_term_string}\"},\"query-input\":{\"@type\":\"PropertyValueSpecification\",\"valueRequired\":true,\"valueName\":\"search_term_string\"}}],\"inLanguage\":\"de-AT\"},{\"@type\":\"Person\",\"@id\":\"https:\/\/www.neimcke.de\/#\/schema\/person\/79240196b1c916ccd920eaff33fb5620\",\"name\":\"Thomas Steiner\",\"image\":{\"@type\":\"ImageObject\",\"inLanguage\":\"de-AT\",\"@id\":\"https:\/\/www.neimcke.de\/#\/schema\/person\/image\/\",\"url\":\"https:\/\/secure.gravatar.com\/avatar\/86da04914b2ee32923c672eed7095ef34270eac3a3c1951d32152792dd8f4da5?s=96&d=mm&r=g\",\"contentUrl\":\"https:\/\/secure.gravatar.com\/avatar\/86da04914b2ee32923c672eed7095ef34270eac3a3c1951d32152792dd8f4da5?s=96&d=mm&r=g\",\"caption\":\"Thomas Steiner\"},\"url\":\"https:\/\/www.neimcke.de\/at\/author\/bitminds\/\"}]}<\/script>\n<!-- \/ Yoast SEO plugin. -->","yoast_head_json":{"title":"Neimcke Gesch\u00e4ftsbetrieb w\u00e4hrend der Coronakrise","description":"Neimcke hat sehr fr\u00fchzeitig Ma\u00dfnahmen getroffen, die Gesundheit der Mitarbeiter zu sch\u00fctzen und telefonischen und online f\u00fcr Ihre Bestellungen da zu sein.","robots":{"index":"index","follow":"follow","max-snippet":"max-snippet:-1","max-image-preview":"max-image-preview:large","max-video-preview":"max-video-preview:-1"},"canonical":"https:\/\/www.neimcke.de\/geschaeftsbetrieb-bei-neimcke-waehrend-der-coronakrise\/","og_locale":"de_DE","og_type":"article","og_title":"Neimcke Gesch\u00e4ftsbetrieb w\u00e4hrend der Coronakrise","og_description":"Neimcke hat sehr fr\u00fchzeitig Ma\u00dfnahmen getroffen, die Gesundheit der Mitarbeiter zu sch\u00fctzen und telefonischen und online f\u00fcr Ihre Bestellungen da zu sein.","og_url":"https:\/\/www.neimcke.de\/geschaeftsbetrieb-bei-neimcke-waehrend-der-coronakrise\/","og_site_name":"Neimcke - Weil jedes Teil z\u00e4hlt! Gro\u00dfhandel f\u00fcr Kfz-Ersatzteile, Verschlei\u00dfteile und Werkstatteinrichtung. | Gro\u00dfhandel, Autoteile, Autozubeh\u00f6r, Werkstatteinrichtung","article_publisher":"https:\/\/de-de.facebook.com\/Neimcke\/","article_published_time":"2020-03-27T09:14:56+00:00","author":"Thomas Steiner","twitter_card":"summary_large_image","twitter_creator":"@neimcke","twitter_site":"@neimcke","twitter_misc":{"Written by":"Thomas Steiner","Est. reading time":"1 minute"},"schema":{"@context":"https:\/\/schema.org","@graph":[{"@type":"Article","@id":"https:\/\/www.neimcke.de\/geschaeftsbetrieb-bei-neimcke-waehrend-der-coronakrise\/#article","isPartOf":{"@id":"https:\/\/www.neimcke.de\/geschaeftsbetrieb-bei-neimcke-waehrend-der-coronakrise\/"},"author":{"name":"Thomas Steiner","@id":"https:\/\/www.neimcke.de\/#\/schema\/person\/79240196b1c916ccd920eaff33fb5620"},"headline":"Gesch\u00e4ftsbetrieb bei Neimcke w\u00e4hrend der Coronakrise","datePublished":"2020-03-27T09:14:56+00:00","mainEntityOfPage":{"@id":"https:\/\/www.neimcke.de\/geschaeftsbetrieb-bei-neimcke-waehrend-der-coronakrise\/"},"wordCount":115,"articleSection":["Unkategorisiert"],"inLanguage":"de-AT"},{"@type":"WebPage","@id":"https:\/\/www.neimcke.de\/geschaeftsbetrieb-bei-neimcke-waehrend-der-coronakrise\/","url":"https:\/\/www.neimcke.de\/geschaeftsbetrieb-bei-neimcke-waehrend-der-coronakrise\/","name":"Neimcke Gesch\u00e4ftsbetrieb w\u00e4hrend der Coronakrise","isPartOf":{"@id":"https:\/\/www.neimcke.de\/#website"},"datePublished":"2020-03-27T09:14:56+00:00","author":{"@id":"https:\/\/www.neimcke.de\/#\/schema\/person\/79240196b1c916ccd920eaff33fb5620"},"description":"Neimcke hat sehr fr\u00fchzeitig Ma\u00dfnahmen getroffen, die Gesundheit der Mitarbeiter zu sch\u00fctzen und telefonischen und online f\u00fcr Ihre Bestellungen da zu sein.","breadcrumb":{"@id":"https:\/\/www.neimcke.de\/geschaeftsbetrieb-bei-neimcke-waehrend-der-coronakrise\/#breadcrumb"},"inLanguage":"de-AT","potentialAction":[{"@type":"ReadAction","target":["https:\/\/www.neimcke.de\/geschaeftsbetrieb-bei-neimcke-waehrend-der-coronakrise\/"]}]},{"@type":"BreadcrumbList","@id":"https:\/\/www.neimcke.de\/geschaeftsbetrieb-bei-neimcke-waehrend-der-coronakrise\/#breadcrumb","itemListElement":[{"@type":"ListItem","position":1,"name":"Startseite","item":"https:\/\/www.neimcke.de\/at\/www-neimcke-de\/"},{"@type":"ListItem","position":2,"name":"Gesch\u00e4ftsbetrieb bei Neimcke w\u00e4hrend der Coronakrise"}]},{"@type":"WebSite","@id":"https:\/\/www.neimcke.de\/#website","url":"https:\/\/www.neimcke.de\/","name":"Neimcke - Weil jedes Teil z\u00e4hlt! Gro\u00dfhandel f\u00fcr Kfz-Ersatzteile, Verschlei\u00dfteile und Werkstatteinrichtung. | Gro\u00dfhandel, Autoteile, Autozubeh\u00f6r, Werkstatteinrichtung","description":"Weil jedes Teil z\u00e4hlt! Gro\u00dfhandel f\u00fcr Kfz-Ersatzteile, Verschlei\u00dfteile und Werkstatteinrichtung.","potentialAction":[{"@type":"SearchAction","target":{"@type":"EntryPoint","urlTemplate":"https:\/\/www.neimcke.de\/?s={search_term_string}"},"query-input":{"@type":"PropertyValueSpecification","valueRequired":true,"valueName":"search_term_string"}}],"inLanguage":"de-AT"},{"@type":"Person","@id":"https:\/\/www.neimcke.de\/#\/schema\/person\/79240196b1c916ccd920eaff33fb5620","name":"Thomas Steiner","image":{"@type":"ImageObject","inLanguage":"de-AT","@id":"https:\/\/www.neimcke.de\/#\/schema\/person\/image\/","url":"https:\/\/secure.gravatar.com\/avatar\/86da04914b2ee32923c672eed7095ef34270eac3a3c1951d32152792dd8f4da5?s=96&d=mm&r=g","contentUrl":"https:\/\/secure.gravatar.com\/avatar\/86da04914b2ee32923c672eed7095ef34270eac3a3c1951d32152792dd8f4da5?s=96&d=mm&r=g","caption":"Thomas Steiner"},"url":"https:\/\/www.neimcke.de\/at\/author\/bitminds\/"}]}},"_links":{"self":[{"href":"https:\/\/www.neimcke.de\/at\/wp-json\/wp\/v2\/posts\/5453","targetHints":{"allow":["GET"]}}],"collection":[{"href":"https:\/\/www.neimcke.de\/at\/wp-json\/wp\/v2\/posts"}],"about":[{"href":"https:\/\/www.neimcke.de\/at\/wp-json\/wp\/v2\/types\/post"}],"author":[{"embeddable":true,"href":"https:\/\/www.neimcke.de\/at\/wp-json\/wp\/v2\/users\/9"}],"replies":[{"embeddable":true,"href":"https:\/\/www.neimcke.de\/at\/wp-json\/wp\/v2\/comments?post=5453"}],"version-history":[{"count":3,"href":"https:\/\/www.neimcke.de\/at\/wp-json\/wp\/v2\/posts\/5453\/revisions"}],"predecessor-version":[{"id":5461,"href":"https:\/\/www.neimcke.de\/at\/wp-json\/wp\/v2\/posts\/5453\/revisions\/5461"}],"wp:attachment":[{"href":"https:\/\/www.neimcke.de\/at\/wp-json\/wp\/v2\/media?parent=5453"}],"wp:term":[{"taxonomy":"category","embeddable":true,"href":"https:\/\/www.neimcke.de\/at\/wp-json\/wp\/v2\/categories?post=5453"},{"taxonomy":"post_tag","embeddable":true,"href":"https:\/\/www.neimcke.de\/at\/wp-json\/wp\/v2\/tags?post=5453"}],"curies":[{"name":"wp","href":"https:\/\/api.w.org\/{rel}","templated":true}]}}