{"id":5382,"date":"2020-03-25T15:24:38","date_gmt":"2020-03-25T14:24:38","guid":{"rendered":"https:\/\/www.neimcke.de\/?p=5382"},"modified":"2020-03-25T15:27:55","modified_gmt":"2020-03-25T14:27:55","slug":"werkstattoffen-de-werkstattoffen-at-geht-an-den-start","status":"publish","type":"post","link":"https:\/\/www.neimcke.de\/at\/werkstattoffen-de-werkstattoffen-at-geht-an-den-start\/","title":{"rendered":"werkstattoffen.de \/ werkstattoffen.at geht an den Start!"},"content":{"rendered":"<p>In der aktuell sehr schwierigen Lage aufgrund des Corona-Virus ist es unabdingbar, dass hilfsbed\u00fcrftige Menschen durch Rettungs- und Einsatzkr\u00e4fte erreicht werden k\u00f6nnen. Aus dem Kreis unserer Kooperationspartner entsteht nun eine Online Plattform, die Ihnen helfen soll. Eine Website zur Pr\u00fcfung vom generellen Betrieb und der Abfrage von \u00d6ffnungszeiten sowie Leistungen von Werkst\u00e4tten ist jetzt unter der Adresse <a href=\"http:\/\/www.werkstattoffen.de\">www.werkstattoffen.de<\/a> online. Voraussichtlich am Freitag, 27.03.2020 geht die \u00f6sterreichische Seite <a href=\"http:\/\/www.werkstattoffen.at\">www.werkstattoffen.at<\/a> online.<\/p>\n<p>Jeden Tag riskieren tausende von Menschen f\u00fcr andere Menschen ihre Gesundheit und somit ihr Leben. Eine immense Bedeutung hat hierbei die Versorgung der Menschen mit dem N\u00f6tigsten \u2013 wie zum Beispiel Medikamente und Lebensmittel. Hierzu z\u00e4hlen jedoch auch funktionst\u00fcchtige Einsatz- und Rettungsfahrzeuge. \u201eWerkstattoffen.de \/ .at\u201c ist eine Plattform, um herauszufinden, welche Werkstatt in der Krise ge\u00f6ffnet hat und welche Leistungen sie anbietet. Ein funktionierendes Fahrzeug f\u00fcr Rettungs- und Einsatzkr\u00e4fte ist in gesellschaftlichen Ausnahmesituationen essenziell wichtig. \u201eWerkstattoffen.de \/ .at\u201c m\u00f6chte im Speziellen Menschen mit systemrelevanten Aufgaben unterst\u00fctzen. Wer kann das Fahrzeug reparieren, wo ist die n\u00e4chste ge\u00f6ffnete Werkstatt und f\u00fchrt sie die ben\u00f6tigten Arbeiten durch? Fragen, die \u201eWerkstattoffen.de \/ .at\u201c beantwortet und damit hoffentlich Leben rettet. Werkstattinhaber pflegen den Status ihrer Werkstatt entweder \u00fcber die g\u00e4ngigen Ersatzeilkataloge oder direkt auf \u201eWerkstattoffen.de \/ .at\u201c ein. Die Angabe der \u00d6ffnungszeiten ist dabei unabdingbar. Nach Abschluss der Registrierung k\u00f6nnen Daten individuell und ad-hoc angepasst werden. Hilfsbed\u00fcrftige Menschen \u2013 im speziellen aus systemrelevanten Bereichen \u2013 finden so in Sekundenschnelle eine Werkstatt in der N\u00e4he, die ge\u00f6ffnet hat und die Reparatur am Fahrzeug durchf\u00fchren kann.<\/p>\n<p>Hinter diesem Projekt besteht keinerlei wirtschaftliches Interessen und somit wird die Anmeldung und Nutzung der Plattform keine Kosten haben. Es geht ausschlie\u00dflich darum Menschen zu koordinieren, die Hilfe in Sachen Mobilit\u00e4t ben\u00f6tigen. Das Projekt wird nach Zeiten der Corona-Krise wieder beendet und s\u00e4mtliche erfassten Daten werden gel\u00f6scht.<\/p>\n","protected":false},"excerpt":{"rendered":"<p>In der aktuell sehr schwierigen Lage aufgrund des Corona-Virus ist es unabdingbar, dass hilfsbed\u00fcrftige Menschen durch Rettungs- und Einsatzkr\u00e4fte erreicht werden k\u00f6nnen. Aus dem Kreis unserer Kooperationspartner entsteht nun eine Online Plattform, die Ihnen helfen soll. Eine Website zur Pr\u00fcfung vom generellen Betrieb und der Abfrage von \u00d6ffnungszeiten sowie Leistungen von Werkst\u00e4tten ist jetzt unter&nbsp; <a href=\"https:\/\/www.neimcke.de\/at\/werkstattoffen-de-werkstattoffen-at-geht-an-den-start\/\">&hellip; Read more <i class=\"fa fa-arrow-right\"><\/i><\/a><\/p>\n","protected":false},"author":9,"featured_media":0,"comment_status":"closed","ping_status":"closed","sticky":false,"template":"","format":"standard","meta":{"_acf_changed":false,"footnotes":""},"categories":[1],"tags":[],"class_list":["post-5382","post","type-post","status-publish","format-standard","hentry","category-unkategorisiert"],"acf":[],"yoast_head":"<!-- This site is optimized with the Yoast SEO plugin v26.7 - https:\/\/yoast.com\/wordpress\/plugins\/seo\/ -->\n<title>werkstattoffen.de \/ werkstattoffen.at geht an den Start!<\/title>\n<meta name=\"description\" content=\"Werkstattoffen.de \/ Werkstattoffen.at\u201c ist eine Plattform, um herauszufinden, welche Werkstatt in der Krise ge\u00f6ffnet hat und welche Leistungen sie anbietet.\" \/>\n<meta name=\"robots\" content=\"index, follow, max-snippet:-1, max-image-preview:large, max-video-preview:-1\" \/>\n<link rel=\"canonical\" href=\"https:\/\/www.neimcke.de\/werkstattoffen-de-werkstattoffen-at-geht-an-den-start\/\" \/>\n<meta property=\"og:locale\" content=\"de_DE\" \/>\n<meta property=\"og:type\" content=\"article\" \/>\n<meta property=\"og:title\" content=\"werkstattoffen.de \/ werkstattoffen.at geht an den Start!\" \/>\n<meta property=\"og:description\" content=\"Werkstattoffen.de \/ Werkstattoffen.at\u201c ist eine Plattform, um herauszufinden, welche Werkstatt in der Krise ge\u00f6ffnet hat und welche Leistungen sie anbietet.\" \/>\n<meta property=\"og:url\" content=\"https:\/\/www.neimcke.de\/werkstattoffen-de-werkstattoffen-at-geht-an-den-start\/\" \/>\n<meta property=\"og:site_name\" content=\"Neimcke - Weil jedes Teil z\u00e4hlt! Gro\u00dfhandel f\u00fcr Kfz-Ersatzteile, Verschlei\u00dfteile und Werkstatteinrichtung. | Gro\u00dfhandel, Autoteile, Autozubeh\u00f6r, Werkstatteinrichtung\" \/>\n<meta property=\"article:publisher\" content=\"https:\/\/de-de.facebook.com\/Neimcke\/\" \/>\n<meta property=\"article:published_time\" content=\"2020-03-25T14:24:38+00:00\" \/>\n<meta property=\"article:modified_time\" content=\"2020-03-25T14:27:55+00:00\" \/>\n<meta name=\"author\" content=\"Thomas Steiner\" \/>\n<meta name=\"twitter:card\" content=\"summary_large_image\" \/>\n<meta name=\"twitter:creator\" content=\"@neimcke\" \/>\n<meta name=\"twitter:site\" content=\"@neimcke\" \/>\n<meta name=\"twitter:label1\" content=\"Written by\" \/>\n\t<meta name=\"twitter:data1\" content=\"Thomas Steiner\" \/>\n\t<meta name=\"twitter:label2\" content=\"Est. reading time\" \/>\n\t<meta name=\"twitter:data2\" content=\"2 minutes\" \/>\n<script type=\"application\/ld+json\" class=\"yoast-schema-graph\">{\"@context\":\"https:\/\/schema.org\",\"@graph\":[{\"@type\":\"Article\",\"@id\":\"https:\/\/www.neimcke.de\/werkstattoffen-de-werkstattoffen-at-geht-an-den-start\/#article\",\"isPartOf\":{\"@id\":\"https:\/\/www.neimcke.de\/werkstattoffen-de-werkstattoffen-at-geht-an-den-start\/\"},\"author\":{\"name\":\"Thomas Steiner\",\"@id\":\"https:\/\/www.neimcke.de\/#\/schema\/person\/79240196b1c916ccd920eaff33fb5620\"},\"headline\":\"werkstattoffen.de \/ werkstattoffen.at geht an den Start!\",\"datePublished\":\"2020-03-25T14:24:38+00:00\",\"dateModified\":\"2020-03-25T14:27:55+00:00\",\"mainEntityOfPage\":{\"@id\":\"https:\/\/www.neimcke.de\/werkstattoffen-de-werkstattoffen-at-geht-an-den-start\/\"},\"wordCount\":332,\"articleSection\":[\"Unkategorisiert\"],\"inLanguage\":\"de-AT\"},{\"@type\":\"WebPage\",\"@id\":\"https:\/\/www.neimcke.de\/werkstattoffen-de-werkstattoffen-at-geht-an-den-start\/\",\"url\":\"https:\/\/www.neimcke.de\/werkstattoffen-de-werkstattoffen-at-geht-an-den-start\/\",\"name\":\"werkstattoffen.de \/ werkstattoffen.at geht an den Start!\",\"isPartOf\":{\"@id\":\"https:\/\/www.neimcke.de\/#website\"},\"datePublished\":\"2020-03-25T14:24:38+00:00\",\"dateModified\":\"2020-03-25T14:27:55+00:00\",\"author\":{\"@id\":\"https:\/\/www.neimcke.de\/#\/schema\/person\/79240196b1c916ccd920eaff33fb5620\"},\"description\":\"Werkstattoffen.de \/ Werkstattoffen.at\u201c ist eine Plattform, um herauszufinden, welche Werkstatt in der Krise ge\u00f6ffnet hat und welche Leistungen sie anbietet.\",\"breadcrumb\":{\"@id\":\"https:\/\/www.neimcke.de\/werkstattoffen-de-werkstattoffen-at-geht-an-den-start\/#breadcrumb\"},\"inLanguage\":\"de-AT\",\"potentialAction\":[{\"@type\":\"ReadAction\",\"target\":[\"https:\/\/www.neimcke.de\/werkstattoffen-de-werkstattoffen-at-geht-an-den-start\/\"]}]},{\"@type\":\"BreadcrumbList\",\"@id\":\"https:\/\/www.neimcke.de\/werkstattoffen-de-werkstattoffen-at-geht-an-den-start\/#breadcrumb\",\"itemListElement\":[{\"@type\":\"ListItem\",\"position\":1,\"name\":\"Startseite\",\"item\":\"https:\/\/www.neimcke.de\/at\/www-neimcke-de\/\"},{\"@type\":\"ListItem\",\"position\":2,\"name\":\"werkstattoffen.de \/ werkstattoffen.at geht an den Start!\"}]},{\"@type\":\"WebSite\",\"@id\":\"https:\/\/www.neimcke.de\/#website\",\"url\":\"https:\/\/www.neimcke.de\/\",\"name\":\"Neimcke - Weil jedes Teil z\u00e4hlt! Gro\u00dfhandel f\u00fcr Kfz-Ersatzteile, Verschlei\u00dfteile und Werkstatteinrichtung. | Gro\u00dfhandel, Autoteile, Autozubeh\u00f6r, Werkstatteinrichtung\",\"description\":\"Weil jedes Teil z\u00e4hlt! Gro\u00dfhandel f\u00fcr Kfz-Ersatzteile, Verschlei\u00dfteile und Werkstatteinrichtung.\",\"potentialAction\":[{\"@type\":\"SearchAction\",\"target\":{\"@type\":\"EntryPoint\",\"urlTemplate\":\"https:\/\/www.neimcke.de\/?s={search_term_string}\"},\"query-input\":{\"@type\":\"PropertyValueSpecification\",\"valueRequired\":true,\"valueName\":\"search_term_string\"}}],\"inLanguage\":\"de-AT\"},{\"@type\":\"Person\",\"@id\":\"https:\/\/www.neimcke.de\/#\/schema\/person\/79240196b1c916ccd920eaff33fb5620\",\"name\":\"Thomas Steiner\",\"image\":{\"@type\":\"ImageObject\",\"inLanguage\":\"de-AT\",\"@id\":\"https:\/\/www.neimcke.de\/#\/schema\/person\/image\/\",\"url\":\"https:\/\/secure.gravatar.com\/avatar\/86da04914b2ee32923c672eed7095ef34270eac3a3c1951d32152792dd8f4da5?s=96&d=mm&r=g\",\"contentUrl\":\"https:\/\/secure.gravatar.com\/avatar\/86da04914b2ee32923c672eed7095ef34270eac3a3c1951d32152792dd8f4da5?s=96&d=mm&r=g\",\"caption\":\"Thomas Steiner\"},\"url\":\"https:\/\/www.neimcke.de\/at\/author\/bitminds\/\"}]}<\/script>\n<!-- \/ Yoast SEO plugin. -->","yoast_head_json":{"title":"werkstattoffen.de \/ werkstattoffen.at geht an den Start!","description":"Werkstattoffen.de \/ Werkstattoffen.at\u201c ist eine Plattform, um herauszufinden, welche Werkstatt in der Krise ge\u00f6ffnet hat und welche Leistungen sie anbietet.","robots":{"index":"index","follow":"follow","max-snippet":"max-snippet:-1","max-image-preview":"max-image-preview:large","max-video-preview":"max-video-preview:-1"},"canonical":"https:\/\/www.neimcke.de\/werkstattoffen-de-werkstattoffen-at-geht-an-den-start\/","og_locale":"de_DE","og_type":"article","og_title":"werkstattoffen.de \/ werkstattoffen.at geht an den Start!","og_description":"Werkstattoffen.de \/ Werkstattoffen.at\u201c ist eine Plattform, um herauszufinden, welche Werkstatt in der Krise ge\u00f6ffnet hat und welche Leistungen sie anbietet.","og_url":"https:\/\/www.neimcke.de\/werkstattoffen-de-werkstattoffen-at-geht-an-den-start\/","og_site_name":"Neimcke - Weil jedes Teil z\u00e4hlt! Gro\u00dfhandel f\u00fcr Kfz-Ersatzteile, Verschlei\u00dfteile und Werkstatteinrichtung. | Gro\u00dfhandel, Autoteile, Autozubeh\u00f6r, Werkstatteinrichtung","article_publisher":"https:\/\/de-de.facebook.com\/Neimcke\/","article_published_time":"2020-03-25T14:24:38+00:00","article_modified_time":"2020-03-25T14:27:55+00:00","author":"Thomas Steiner","twitter_card":"summary_large_image","twitter_creator":"@neimcke","twitter_site":"@neimcke","twitter_misc":{"Written by":"Thomas Steiner","Est. reading time":"2 minutes"},"schema":{"@context":"https:\/\/schema.org","@graph":[{"@type":"Article","@id":"https:\/\/www.neimcke.de\/werkstattoffen-de-werkstattoffen-at-geht-an-den-start\/#article","isPartOf":{"@id":"https:\/\/www.neimcke.de\/werkstattoffen-de-werkstattoffen-at-geht-an-den-start\/"},"author":{"name":"Thomas Steiner","@id":"https:\/\/www.neimcke.de\/#\/schema\/person\/79240196b1c916ccd920eaff33fb5620"},"headline":"werkstattoffen.de \/ werkstattoffen.at geht an den Start!","datePublished":"2020-03-25T14:24:38+00:00","dateModified":"2020-03-25T14:27:55+00:00","mainEntityOfPage":{"@id":"https:\/\/www.neimcke.de\/werkstattoffen-de-werkstattoffen-at-geht-an-den-start\/"},"wordCount":332,"articleSection":["Unkategorisiert"],"inLanguage":"de-AT"},{"@type":"WebPage","@id":"https:\/\/www.neimcke.de\/werkstattoffen-de-werkstattoffen-at-geht-an-den-start\/","url":"https:\/\/www.neimcke.de\/werkstattoffen-de-werkstattoffen-at-geht-an-den-start\/","name":"werkstattoffen.de \/ werkstattoffen.at geht an den Start!","isPartOf":{"@id":"https:\/\/www.neimcke.de\/#website"},"datePublished":"2020-03-25T14:24:38+00:00","dateModified":"2020-03-25T14:27:55+00:00","author":{"@id":"https:\/\/www.neimcke.de\/#\/schema\/person\/79240196b1c916ccd920eaff33fb5620"},"description":"Werkstattoffen.de \/ Werkstattoffen.at\u201c ist eine Plattform, um herauszufinden, welche Werkstatt in der Krise ge\u00f6ffnet hat und welche Leistungen sie anbietet.","breadcrumb":{"@id":"https:\/\/www.neimcke.de\/werkstattoffen-de-werkstattoffen-at-geht-an-den-start\/#breadcrumb"},"inLanguage":"de-AT","potentialAction":[{"@type":"ReadAction","target":["https:\/\/www.neimcke.de\/werkstattoffen-de-werkstattoffen-at-geht-an-den-start\/"]}]},{"@type":"BreadcrumbList","@id":"https:\/\/www.neimcke.de\/werkstattoffen-de-werkstattoffen-at-geht-an-den-start\/#breadcrumb","itemListElement":[{"@type":"ListItem","position":1,"name":"Startseite","item":"https:\/\/www.neimcke.de\/at\/www-neimcke-de\/"},{"@type":"ListItem","position":2,"name":"werkstattoffen.de \/ werkstattoffen.at geht an den Start!"}]},{"@type":"WebSite","@id":"https:\/\/www.neimcke.de\/#website","url":"https:\/\/www.neimcke.de\/","name":"Neimcke - Weil jedes Teil z\u00e4hlt! Gro\u00dfhandel f\u00fcr Kfz-Ersatzteile, Verschlei\u00dfteile und Werkstatteinrichtung. | Gro\u00dfhandel, Autoteile, Autozubeh\u00f6r, Werkstatteinrichtung","description":"Weil jedes Teil z\u00e4hlt! Gro\u00dfhandel f\u00fcr Kfz-Ersatzteile, Verschlei\u00dfteile und Werkstatteinrichtung.","potentialAction":[{"@type":"SearchAction","target":{"@type":"EntryPoint","urlTemplate":"https:\/\/www.neimcke.de\/?s={search_term_string}"},"query-input":{"@type":"PropertyValueSpecification","valueRequired":true,"valueName":"search_term_string"}}],"inLanguage":"de-AT"},{"@type":"Person","@id":"https:\/\/www.neimcke.de\/#\/schema\/person\/79240196b1c916ccd920eaff33fb5620","name":"Thomas Steiner","image":{"@type":"ImageObject","inLanguage":"de-AT","@id":"https:\/\/www.neimcke.de\/#\/schema\/person\/image\/","url":"https:\/\/secure.gravatar.com\/avatar\/86da04914b2ee32923c672eed7095ef34270eac3a3c1951d32152792dd8f4da5?s=96&d=mm&r=g","contentUrl":"https:\/\/secure.gravatar.com\/avatar\/86da04914b2ee32923c672eed7095ef34270eac3a3c1951d32152792dd8f4da5?s=96&d=mm&r=g","caption":"Thomas Steiner"},"url":"https:\/\/www.neimcke.de\/at\/author\/bitminds\/"}]}},"_links":{"self":[{"href":"https:\/\/www.neimcke.de\/at\/wp-json\/wp\/v2\/posts\/5382","targetHints":{"allow":["GET"]}}],"collection":[{"href":"https:\/\/www.neimcke.de\/at\/wp-json\/wp\/v2\/posts"}],"about":[{"href":"https:\/\/www.neimcke.de\/at\/wp-json\/wp\/v2\/types\/post"}],"author":[{"embeddable":true,"href":"https:\/\/www.neimcke.de\/at\/wp-json\/wp\/v2\/users\/9"}],"replies":[{"embeddable":true,"href":"https:\/\/www.neimcke.de\/at\/wp-json\/wp\/v2\/comments?post=5382"}],"version-history":[{"count":2,"href":"https:\/\/www.neimcke.de\/at\/wp-json\/wp\/v2\/posts\/5382\/revisions"}],"predecessor-version":[{"id":5386,"href":"https:\/\/www.neimcke.de\/at\/wp-json\/wp\/v2\/posts\/5382\/revisions\/5386"}],"wp:attachment":[{"href":"https:\/\/www.neimcke.de\/at\/wp-json\/wp\/v2\/media?parent=5382"}],"wp:term":[{"taxonomy":"category","embeddable":true,"href":"https:\/\/www.neimcke.de\/at\/wp-json\/wp\/v2\/categories?post=5382"},{"taxonomy":"post_tag","embeddable":true,"href":"https:\/\/www.neimcke.de\/at\/wp-json\/wp\/v2\/tags?post=5382"}],"curies":[{"name":"wp","href":"https:\/\/api.w.org\/{rel}","templated":true}]}}