{"id":5097,"date":"2020-01-15T11:08:48","date_gmt":"2020-01-15T10:08:48","guid":{"rendered":"https:\/\/www.neimcke.de\/?p=5097"},"modified":"2020-01-15T11:08:48","modified_gmt":"2020-01-15T10:08:48","slug":"girlsday-am-26-03-2020-bei-neimcke","status":"publish","type":"post","link":"https:\/\/www.neimcke.de\/at\/girlsday-am-26-03-2020-bei-neimcke\/","title":{"rendered":"Girls&#8217;Day am 26.03.2020 bei Neimcke"},"content":{"rendered":"<p>Der n\u00e4chste Girls&#8217;Day findet am 26.03.2020 statt &#8211; die NEIMCKE Niederlassung Traunstein macht auch mit. N\u00e4here Infos zum Girls&#8217;Day und die Anmeldung findet Ihr unter\u00a0<a href=\"https:\/\/l.facebook.com\/l.php?u=https%3A%2F%2Fwww.girlsday.info%2F%3Ffbclid%3DIwAR0Y1DD0cYss3t63xHBnKUboz86CQz0-V014YyrkRxvrUgDUGMPxuPlxAZQ&amp;h=AT09Ypg7lY-YVRMJyeNi0hn9XKx64dtFCpALj8XDNVZefZhRwZIu94mhZoMhUI09BLj7hbzU378PEz5CCdgZa4v0Yqn7XgXzcSjmm7XfkPofY6-6uh6j_JaLqxXR-D8eGV_k6MRI8GU5mS7p-Hra3owoOLry4Y9Z7AVmwbM_0jkvgzO-VqG1wExMXHyM9zC6fU-yl4LRSut6VTBriwV33t_4lek5wxAupVaeM4bM8yLA58NmKbBANMXKk9sL-2eoQR2u3_pSZG9gujeLwMj85a-jqAE0C-VLovkm2-xVxt9-Dhfuu4jdsXcRfMO13XCbf4-CGqlqP5hK6FWGI8ZGa8s4-NI7hWo9FlM3N6Q0rF9iLzZ10PTb0mhldQoozNsupuNiFEvrrsSLbx2VFlzMdaYoFTPqmmtoiNNKOBUUSXd6pXmBH0B1o76GW69J6YLQYqJGiQc9q52Z5HjBDtcIElM7IAjyr6HyDCsW9YI-cf2QBeMGn9G4f82IlP47tRSN8hh9OhFHYcKIXiqVIxgJdf_HqI1YCOVO4GZtrTWL7PKd5PBSP8J571YbWGtPTOTchgo8DJMWUNxP-xchdsI2q9AsaU0Xn1ve17-vzP0\" target=\"_blank\" rel=\"noopener nofollow\" data-ft=\"{&quot;tn&quot;:&quot;-U&quot;}\" data-lynx-mode=\"async\">https:\/\/www.girlsday.info\/\u00a0<\/a>N\u00e4here Infos zur Ausbildung bei Neimcke unter\u00a0<a href=\"https:\/\/www.neimcke.de\/karriere\/ausbildung\/?fbclid=IwAR2OKmDs3XDoTJT-3ZClOUqCNI8qRmWKNjR3325qQ3ydcyPBEgAqKdmezoY\" target=\"_blank\" rel=\"noopener nofollow\" data-ft=\"{&quot;tn&quot;:&quot;-U&quot;}\" data-lynx-mode=\"async\" data-lynx-uri=\"https:\/\/l.facebook.com\/l.php?u=https%3A%2F%2Fwww.neimcke.de%2Fkarriere%2Fausbildung%2F%3Ffbclid%3DIwAR2OKmDs3XDoTJT-3ZClOUqCNI8qRmWKNjR3325qQ3ydcyPBEgAqKdmezoY&amp;h=AT3RIiePOSWIVciWkdeaV3BOi4Yy30wBuvs1yftktiBLbsFutfy62hgdOYvjC8wW08NwmGAroyims18PM_aGAhHleSCphcNCRWaAnHHCTT_Me1ShIw4OmMUAnWReRd0TyozfLAO5r0OdoNbQ0vEjTVWNBG6SYvzzHSMvUyeiGi2mZY2dz4lebJzlnV9mYLsH8qgOF64LsynDxw9CDR2nViyggYIQ-CyYxc1QdV7bFI4aWwFnrNm06DLKqKnYKdrL_kRW1ecFDyL4ijzzjCryx_i902LlOviFQKkJi--26GklnfB-WDzih-HIz7dG3_aMCtbUPUMI9KF0W2N8nzC0RMIcl3SMAcJzISFpOcvZJfstGDrlBbF04p8SSNrNGHdNXYULpM0ReFJzNGRY_LEmFbT_80XtaF3G1mdZiRNmMBkttm67z1c8SLCEge69oF6iszAFK2BjR0WRztyBF52hgEasD32crhnvk1Jcd4THuHCkWhjqYN2qThbbwrSnG1ta7EQMVaDkyCPePMp_GITWpjXZte33NQpTT7i6Fr5b6N2RCK-6qd3X2GA1D285nRnpI8RVDTyMzrO28wGNzTb6ry9depS1m4XCtndMDb0\">https:\/\/www.neimcke.de\/karriere\/ausbildung\/<\/a><\/p>\n","protected":false},"excerpt":{"rendered":"<p>Der n\u00e4chste Girls&#8217;Day findet am 26.03.2020 statt &#8211; die NEIMCKE Niederlassung Traunstein macht auch mit. N\u00e4here Infos zum Girls&#8217;Day und die Anmeldung findet Ihr unter\u00a0https:\/\/www.girlsday.info\/\u00a0N\u00e4here Infos zur Ausbildung bei Neimcke unter\u00a0https:\/\/www.neimcke.de\/karriere\/ausbildung\/<\/p>\n","protected":false},"author":9,"featured_media":0,"comment_status":"closed","ping_status":"closed","sticky":false,"template":"","format":"standard","meta":{"_acf_changed":false,"footnotes":""},"categories":[1],"tags":[],"class_list":["post-5097","post","type-post","status-publish","format-standard","hentry","category-unkategorisiert"],"acf":[],"yoast_head":"<!-- This site is optimized with the Yoast SEO plugin v26.7 - https:\/\/yoast.com\/wordpress\/plugins\/seo\/ -->\n<title>Girls&#039;Day am 26.03.2020 bei Neimcke - Neimcke - Weil jedes Teil z\u00e4hlt! Gro\u00dfhandel f\u00fcr Kfz-Ersatzteile, Verschlei\u00dfteile und Werkstatteinrichtung. | Gro\u00dfhandel, Autoteile, Autozubeh\u00f6r, Werkstatteinrichtung<\/title>\n<meta name=\"description\" content=\"Die Neimcke Niederlassung Traunstein macht am 26.03.2020 beim Girls&#039;Day mit. N\u00e4here Infos und die Anmeldung unter https:\/\/www.girlsday.info\/\" \/>\n<meta name=\"robots\" content=\"index, follow, max-snippet:-1, max-image-preview:large, max-video-preview:-1\" \/>\n<link rel=\"canonical\" href=\"https:\/\/www.neimcke.de\/girlsday-am-26-03-2020-bei-neimcke\/\" \/>\n<meta property=\"og:locale\" content=\"de_DE\" \/>\n<meta property=\"og:type\" content=\"article\" \/>\n<meta property=\"og:title\" content=\"Girls&#039;Day am 26.03.2020 bei Neimcke - Neimcke - Weil jedes Teil z\u00e4hlt! Gro\u00dfhandel f\u00fcr Kfz-Ersatzteile, Verschlei\u00dfteile und Werkstatteinrichtung. | Gro\u00dfhandel, Autoteile, Autozubeh\u00f6r, Werkstatteinrichtung\" \/>\n<meta property=\"og:description\" content=\"Die Neimcke Niederlassung Traunstein macht am 26.03.2020 beim Girls&#039;Day mit. N\u00e4here Infos und die Anmeldung unter https:\/\/www.girlsday.info\/\" \/>\n<meta property=\"og:url\" content=\"https:\/\/www.neimcke.de\/girlsday-am-26-03-2020-bei-neimcke\/\" \/>\n<meta property=\"og:site_name\" content=\"Neimcke - Weil jedes Teil z\u00e4hlt! Gro\u00dfhandel f\u00fcr Kfz-Ersatzteile, Verschlei\u00dfteile und Werkstatteinrichtung. | Gro\u00dfhandel, Autoteile, Autozubeh\u00f6r, Werkstatteinrichtung\" \/>\n<meta property=\"article:publisher\" content=\"https:\/\/de-de.facebook.com\/Neimcke\/\" \/>\n<meta property=\"article:published_time\" content=\"2020-01-15T10:08:48+00:00\" \/>\n<meta name=\"author\" content=\"Thomas Steiner\" \/>\n<meta name=\"twitter:card\" content=\"summary_large_image\" \/>\n<meta name=\"twitter:creator\" content=\"@neimcke\" \/>\n<meta name=\"twitter:site\" content=\"@neimcke\" \/>\n<meta name=\"twitter:label1\" content=\"Written by\" \/>\n\t<meta name=\"twitter:data1\" content=\"Thomas Steiner\" \/>\n<script type=\"application\/ld+json\" class=\"yoast-schema-graph\">{\"@context\":\"https:\/\/schema.org\",\"@graph\":[{\"@type\":\"Article\",\"@id\":\"https:\/\/www.neimcke.de\/girlsday-am-26-03-2020-bei-neimcke\/#article\",\"isPartOf\":{\"@id\":\"https:\/\/www.neimcke.de\/girlsday-am-26-03-2020-bei-neimcke\/\"},\"author\":{\"name\":\"Thomas Steiner\",\"@id\":\"https:\/\/www.neimcke.de\/#\/schema\/person\/79240196b1c916ccd920eaff33fb5620\"},\"headline\":\"Girls&#8217;Day am 26.03.2020 bei Neimcke\",\"datePublished\":\"2020-01-15T10:08:48+00:00\",\"mainEntityOfPage\":{\"@id\":\"https:\/\/www.neimcke.de\/girlsday-am-26-03-2020-bei-neimcke\/\"},\"wordCount\":48,\"articleSection\":[\"Unkategorisiert\"],\"inLanguage\":\"de-AT\"},{\"@type\":\"WebPage\",\"@id\":\"https:\/\/www.neimcke.de\/girlsday-am-26-03-2020-bei-neimcke\/\",\"url\":\"https:\/\/www.neimcke.de\/girlsday-am-26-03-2020-bei-neimcke\/\",\"name\":\"Girls'Day am 26.03.2020 bei Neimcke - Neimcke - Weil jedes Teil z\u00e4hlt! Gro\u00dfhandel f\u00fcr Kfz-Ersatzteile, Verschlei\u00dfteile und Werkstatteinrichtung. | Gro\u00dfhandel, Autoteile, Autozubeh\u00f6r, Werkstatteinrichtung\",\"isPartOf\":{\"@id\":\"https:\/\/www.neimcke.de\/#website\"},\"datePublished\":\"2020-01-15T10:08:48+00:00\",\"author\":{\"@id\":\"https:\/\/www.neimcke.de\/#\/schema\/person\/79240196b1c916ccd920eaff33fb5620\"},\"description\":\"Die Neimcke Niederlassung Traunstein macht am 26.03.2020 beim Girls'Day mit. N\u00e4here Infos und die Anmeldung unter https:\/\/www.girlsday.info\/\",\"breadcrumb\":{\"@id\":\"https:\/\/www.neimcke.de\/girlsday-am-26-03-2020-bei-neimcke\/#breadcrumb\"},\"inLanguage\":\"de-AT\",\"potentialAction\":[{\"@type\":\"ReadAction\",\"target\":[\"https:\/\/www.neimcke.de\/girlsday-am-26-03-2020-bei-neimcke\/\"]}]},{\"@type\":\"BreadcrumbList\",\"@id\":\"https:\/\/www.neimcke.de\/girlsday-am-26-03-2020-bei-neimcke\/#breadcrumb\",\"itemListElement\":[{\"@type\":\"ListItem\",\"position\":1,\"name\":\"Startseite\",\"item\":\"https:\/\/www.neimcke.de\/at\/www-neimcke-de\/\"},{\"@type\":\"ListItem\",\"position\":2,\"name\":\"Girls&#8217;Day am 26.03.2020 bei Neimcke\"}]},{\"@type\":\"WebSite\",\"@id\":\"https:\/\/www.neimcke.de\/#website\",\"url\":\"https:\/\/www.neimcke.de\/\",\"name\":\"Neimcke - Weil jedes Teil z\u00e4hlt! Gro\u00dfhandel f\u00fcr Kfz-Ersatzteile, Verschlei\u00dfteile und Werkstatteinrichtung. | Gro\u00dfhandel, Autoteile, Autozubeh\u00f6r, Werkstatteinrichtung\",\"description\":\"Weil jedes Teil z\u00e4hlt! Gro\u00dfhandel f\u00fcr Kfz-Ersatzteile, Verschlei\u00dfteile und Werkstatteinrichtung.\",\"potentialAction\":[{\"@type\":\"SearchAction\",\"target\":{\"@type\":\"EntryPoint\",\"urlTemplate\":\"https:\/\/www.neimcke.de\/?s={search_term_string}\"},\"query-input\":{\"@type\":\"PropertyValueSpecification\",\"valueRequired\":true,\"valueName\":\"search_term_string\"}}],\"inLanguage\":\"de-AT\"},{\"@type\":\"Person\",\"@id\":\"https:\/\/www.neimcke.de\/#\/schema\/person\/79240196b1c916ccd920eaff33fb5620\",\"name\":\"Thomas Steiner\",\"image\":{\"@type\":\"ImageObject\",\"inLanguage\":\"de-AT\",\"@id\":\"https:\/\/www.neimcke.de\/#\/schema\/person\/image\/\",\"url\":\"https:\/\/secure.gravatar.com\/avatar\/86da04914b2ee32923c672eed7095ef34270eac3a3c1951d32152792dd8f4da5?s=96&d=mm&r=g\",\"contentUrl\":\"https:\/\/secure.gravatar.com\/avatar\/86da04914b2ee32923c672eed7095ef34270eac3a3c1951d32152792dd8f4da5?s=96&d=mm&r=g\",\"caption\":\"Thomas Steiner\"},\"url\":\"https:\/\/www.neimcke.de\/at\/author\/bitminds\/\"}]}<\/script>\n<!-- \/ Yoast SEO plugin. -->","yoast_head_json":{"title":"Girls'Day am 26.03.2020 bei Neimcke - Neimcke - Weil jedes Teil z\u00e4hlt! Gro\u00dfhandel f\u00fcr Kfz-Ersatzteile, Verschlei\u00dfteile und Werkstatteinrichtung. | Gro\u00dfhandel, Autoteile, Autozubeh\u00f6r, Werkstatteinrichtung","description":"Die Neimcke Niederlassung Traunstein macht am 26.03.2020 beim Girls'Day mit. N\u00e4here Infos und die Anmeldung unter https:\/\/www.girlsday.info\/","robots":{"index":"index","follow":"follow","max-snippet":"max-snippet:-1","max-image-preview":"max-image-preview:large","max-video-preview":"max-video-preview:-1"},"canonical":"https:\/\/www.neimcke.de\/girlsday-am-26-03-2020-bei-neimcke\/","og_locale":"de_DE","og_type":"article","og_title":"Girls'Day am 26.03.2020 bei Neimcke - Neimcke - Weil jedes Teil z\u00e4hlt! Gro\u00dfhandel f\u00fcr Kfz-Ersatzteile, Verschlei\u00dfteile und Werkstatteinrichtung. | Gro\u00dfhandel, Autoteile, Autozubeh\u00f6r, Werkstatteinrichtung","og_description":"Die Neimcke Niederlassung Traunstein macht am 26.03.2020 beim Girls'Day mit. N\u00e4here Infos und die Anmeldung unter https:\/\/www.girlsday.info\/","og_url":"https:\/\/www.neimcke.de\/girlsday-am-26-03-2020-bei-neimcke\/","og_site_name":"Neimcke - Weil jedes Teil z\u00e4hlt! Gro\u00dfhandel f\u00fcr Kfz-Ersatzteile, Verschlei\u00dfteile und Werkstatteinrichtung. | Gro\u00dfhandel, Autoteile, Autozubeh\u00f6r, Werkstatteinrichtung","article_publisher":"https:\/\/de-de.facebook.com\/Neimcke\/","article_published_time":"2020-01-15T10:08:48+00:00","author":"Thomas Steiner","twitter_card":"summary_large_image","twitter_creator":"@neimcke","twitter_site":"@neimcke","twitter_misc":{"Written by":"Thomas Steiner"},"schema":{"@context":"https:\/\/schema.org","@graph":[{"@type":"Article","@id":"https:\/\/www.neimcke.de\/girlsday-am-26-03-2020-bei-neimcke\/#article","isPartOf":{"@id":"https:\/\/www.neimcke.de\/girlsday-am-26-03-2020-bei-neimcke\/"},"author":{"name":"Thomas Steiner","@id":"https:\/\/www.neimcke.de\/#\/schema\/person\/79240196b1c916ccd920eaff33fb5620"},"headline":"Girls&#8217;Day am 26.03.2020 bei Neimcke","datePublished":"2020-01-15T10:08:48+00:00","mainEntityOfPage":{"@id":"https:\/\/www.neimcke.de\/girlsday-am-26-03-2020-bei-neimcke\/"},"wordCount":48,"articleSection":["Unkategorisiert"],"inLanguage":"de-AT"},{"@type":"WebPage","@id":"https:\/\/www.neimcke.de\/girlsday-am-26-03-2020-bei-neimcke\/","url":"https:\/\/www.neimcke.de\/girlsday-am-26-03-2020-bei-neimcke\/","name":"Girls'Day am 26.03.2020 bei Neimcke - Neimcke - Weil jedes Teil z\u00e4hlt! Gro\u00dfhandel f\u00fcr Kfz-Ersatzteile, Verschlei\u00dfteile und Werkstatteinrichtung. | Gro\u00dfhandel, Autoteile, Autozubeh\u00f6r, Werkstatteinrichtung","isPartOf":{"@id":"https:\/\/www.neimcke.de\/#website"},"datePublished":"2020-01-15T10:08:48+00:00","author":{"@id":"https:\/\/www.neimcke.de\/#\/schema\/person\/79240196b1c916ccd920eaff33fb5620"},"description":"Die Neimcke Niederlassung Traunstein macht am 26.03.2020 beim Girls'Day mit. N\u00e4here Infos und die Anmeldung unter https:\/\/www.girlsday.info\/","breadcrumb":{"@id":"https:\/\/www.neimcke.de\/girlsday-am-26-03-2020-bei-neimcke\/#breadcrumb"},"inLanguage":"de-AT","potentialAction":[{"@type":"ReadAction","target":["https:\/\/www.neimcke.de\/girlsday-am-26-03-2020-bei-neimcke\/"]}]},{"@type":"BreadcrumbList","@id":"https:\/\/www.neimcke.de\/girlsday-am-26-03-2020-bei-neimcke\/#breadcrumb","itemListElement":[{"@type":"ListItem","position":1,"name":"Startseite","item":"https:\/\/www.neimcke.de\/at\/www-neimcke-de\/"},{"@type":"ListItem","position":2,"name":"Girls&#8217;Day am 26.03.2020 bei Neimcke"}]},{"@type":"WebSite","@id":"https:\/\/www.neimcke.de\/#website","url":"https:\/\/www.neimcke.de\/","name":"Neimcke - Weil jedes Teil z\u00e4hlt! Gro\u00dfhandel f\u00fcr Kfz-Ersatzteile, Verschlei\u00dfteile und Werkstatteinrichtung. | Gro\u00dfhandel, Autoteile, Autozubeh\u00f6r, Werkstatteinrichtung","description":"Weil jedes Teil z\u00e4hlt! Gro\u00dfhandel f\u00fcr Kfz-Ersatzteile, Verschlei\u00dfteile und Werkstatteinrichtung.","potentialAction":[{"@type":"SearchAction","target":{"@type":"EntryPoint","urlTemplate":"https:\/\/www.neimcke.de\/?s={search_term_string}"},"query-input":{"@type":"PropertyValueSpecification","valueRequired":true,"valueName":"search_term_string"}}],"inLanguage":"de-AT"},{"@type":"Person","@id":"https:\/\/www.neimcke.de\/#\/schema\/person\/79240196b1c916ccd920eaff33fb5620","name":"Thomas Steiner","image":{"@type":"ImageObject","inLanguage":"de-AT","@id":"https:\/\/www.neimcke.de\/#\/schema\/person\/image\/","url":"https:\/\/secure.gravatar.com\/avatar\/86da04914b2ee32923c672eed7095ef34270eac3a3c1951d32152792dd8f4da5?s=96&d=mm&r=g","contentUrl":"https:\/\/secure.gravatar.com\/avatar\/86da04914b2ee32923c672eed7095ef34270eac3a3c1951d32152792dd8f4da5?s=96&d=mm&r=g","caption":"Thomas Steiner"},"url":"https:\/\/www.neimcke.de\/at\/author\/bitminds\/"}]}},"_links":{"self":[{"href":"https:\/\/www.neimcke.de\/at\/wp-json\/wp\/v2\/posts\/5097","targetHints":{"allow":["GET"]}}],"collection":[{"href":"https:\/\/www.neimcke.de\/at\/wp-json\/wp\/v2\/posts"}],"about":[{"href":"https:\/\/www.neimcke.de\/at\/wp-json\/wp\/v2\/types\/post"}],"author":[{"embeddable":true,"href":"https:\/\/www.neimcke.de\/at\/wp-json\/wp\/v2\/users\/9"}],"replies":[{"embeddable":true,"href":"https:\/\/www.neimcke.de\/at\/wp-json\/wp\/v2\/comments?post=5097"}],"version-history":[{"count":2,"href":"https:\/\/www.neimcke.de\/at\/wp-json\/wp\/v2\/posts\/5097\/revisions"}],"predecessor-version":[{"id":5101,"href":"https:\/\/www.neimcke.de\/at\/wp-json\/wp\/v2\/posts\/5097\/revisions\/5101"}],"wp:attachment":[{"href":"https:\/\/www.neimcke.de\/at\/wp-json\/wp\/v2\/media?parent=5097"}],"wp:term":[{"taxonomy":"category","embeddable":true,"href":"https:\/\/www.neimcke.de\/at\/wp-json\/wp\/v2\/categories?post=5097"},{"taxonomy":"post_tag","embeddable":true,"href":"https:\/\/www.neimcke.de\/at\/wp-json\/wp\/v2\/tags?post=5097"}],"curies":[{"name":"wp","href":"https:\/\/api.w.org\/{rel}","templated":true}]}}