{"id":4828,"date":"2019-10-25T11:41:21","date_gmt":"2019-10-25T09:41:21","guid":{"rendered":"https:\/\/www.neimcke.de\/?p=4828"},"modified":"2019-10-25T11:41:21","modified_gmt":"2019-10-25T09:41:21","slug":"neimcke-am-berufsinformationsabend-an-der-realschule-waldkraiburg","status":"publish","type":"post","link":"https:\/\/www.neimcke.de\/at\/neimcke-am-berufsinformationsabend-an-der-realschule-waldkraiburg\/","title":{"rendered":"Neimcke am Berufsinformationsabend an der Realschule Waldkraiburg"},"content":{"rendered":"<div>Am 24.10.2019 fand der Berufs-Informationsabend an der staatl. Realschule in Waldkraiburg statt. Unser\u00a0Ausbildungsteam informierte \u00fcber die Ausbildung bei NEIMCKE.<\/div>\n<div>Das Interesse der Sch\u00fcler und Sch\u00fclerinnen war sehr gro\u00df! N\u00e4here Infos zur Ausbildung finden Sie unter\u00a0https:\/\/www.neimcke.de\/karriere\/ausbildung\/<\/div>\n<p>&nbsp;<\/p>\n","protected":false},"excerpt":{"rendered":"<p>Am 24.10.2019 fand der Berufs-Informationsabend an der staatl. Realschule in Waldkraiburg statt. Unser\u00a0Ausbildungsteam informierte \u00fcber die Ausbildung bei NEIMCKE. Das Interesse der Sch\u00fcler und Sch\u00fclerinnen war sehr gro\u00df! N\u00e4here Infos zur Ausbildung finden Sie unter\u00a0https:\/\/www.neimcke.de\/karriere\/ausbildung\/ &nbsp;<\/p>\n","protected":false},"author":9,"featured_media":0,"comment_status":"closed","ping_status":"closed","sticky":false,"template":"","format":"standard","meta":{"_acf_changed":false,"footnotes":""},"categories":[1],"tags":[],"class_list":["post-4828","post","type-post","status-publish","format-standard","hentry","category-unkategorisiert"],"acf":[],"yoast_head":"<!-- This site is optimized with the Yoast SEO plugin v26.7 - https:\/\/yoast.com\/wordpress\/plugins\/seo\/ -->\n<title>Neimcke am Berufsinformationsabend an der Realschule Waldkraiburg - Neimcke - Weil jedes Teil z\u00e4hlt! Gro\u00dfhandel f\u00fcr Kfz-Ersatzteile, Verschlei\u00dfteile und Werkstatteinrichtung. | Gro\u00dfhandel, Autoteile, Autozubeh\u00f6r, Werkstatteinrichtung<\/title>\n<meta name=\"robots\" content=\"index, follow, max-snippet:-1, max-image-preview:large, max-video-preview:-1\" \/>\n<link rel=\"canonical\" href=\"https:\/\/www.neimcke.de\/neimcke-am-berufsinformationsabend-an-der-realschule-waldkraiburg\/\" \/>\n<meta property=\"og:locale\" content=\"de_DE\" \/>\n<meta property=\"og:type\" content=\"article\" \/>\n<meta property=\"og:title\" content=\"Neimcke am Berufsinformationsabend an der Realschule Waldkraiburg - Neimcke - Weil jedes Teil z\u00e4hlt! Gro\u00dfhandel f\u00fcr Kfz-Ersatzteile, Verschlei\u00dfteile und Werkstatteinrichtung. | Gro\u00dfhandel, Autoteile, Autozubeh\u00f6r, Werkstatteinrichtung\" \/>\n<meta property=\"og:description\" content=\"Am 24.10.2019 fand der Berufs-Informationsabend an der staatl. Realschule in Waldkraiburg statt. Unser\u00a0Ausbildungsteam informierte \u00fcber die Ausbildung bei NEIMCKE. Das Interesse der Sch\u00fcler und Sch\u00fclerinnen war sehr gro\u00df! N\u00e4here Infos zur Ausbildung finden Sie unter\u00a0https:\/\/www.neimcke.de\/karriere\/ausbildung\/ &nbsp;\" \/>\n<meta property=\"og:url\" content=\"https:\/\/www.neimcke.de\/neimcke-am-berufsinformationsabend-an-der-realschule-waldkraiburg\/\" \/>\n<meta property=\"og:site_name\" content=\"Neimcke - Weil jedes Teil z\u00e4hlt! Gro\u00dfhandel f\u00fcr Kfz-Ersatzteile, Verschlei\u00dfteile und Werkstatteinrichtung. | Gro\u00dfhandel, Autoteile, Autozubeh\u00f6r, Werkstatteinrichtung\" \/>\n<meta property=\"article:publisher\" content=\"https:\/\/de-de.facebook.com\/Neimcke\/\" \/>\n<meta property=\"article:published_time\" content=\"2019-10-25T09:41:21+00:00\" \/>\n<meta name=\"author\" content=\"Thomas Steiner\" \/>\n<meta name=\"twitter:card\" content=\"summary_large_image\" \/>\n<meta name=\"twitter:creator\" content=\"@neimcke\" \/>\n<meta name=\"twitter:site\" content=\"@neimcke\" \/>\n<meta name=\"twitter:label1\" content=\"Written by\" \/>\n\t<meta name=\"twitter:data1\" content=\"Thomas Steiner\" \/>\n<script type=\"application\/ld+json\" class=\"yoast-schema-graph\">{\"@context\":\"https:\/\/schema.org\",\"@graph\":[{\"@type\":\"Article\",\"@id\":\"https:\/\/www.neimcke.de\/neimcke-am-berufsinformationsabend-an-der-realschule-waldkraiburg\/#article\",\"isPartOf\":{\"@id\":\"https:\/\/www.neimcke.de\/neimcke-am-berufsinformationsabend-an-der-realschule-waldkraiburg\/\"},\"author\":{\"name\":\"Thomas Steiner\",\"@id\":\"https:\/\/www.neimcke.de\/#\/schema\/person\/79240196b1c916ccd920eaff33fb5620\"},\"headline\":\"Neimcke am Berufsinformationsabend an der Realschule Waldkraiburg\",\"datePublished\":\"2019-10-25T09:41:21+00:00\",\"mainEntityOfPage\":{\"@id\":\"https:\/\/www.neimcke.de\/neimcke-am-berufsinformationsabend-an-der-realschule-waldkraiburg\/\"},\"wordCount\":52,\"articleSection\":[\"Unkategorisiert\"],\"inLanguage\":\"de-AT\"},{\"@type\":\"WebPage\",\"@id\":\"https:\/\/www.neimcke.de\/neimcke-am-berufsinformationsabend-an-der-realschule-waldkraiburg\/\",\"url\":\"https:\/\/www.neimcke.de\/neimcke-am-berufsinformationsabend-an-der-realschule-waldkraiburg\/\",\"name\":\"Neimcke am Berufsinformationsabend an der Realschule Waldkraiburg - Neimcke - Weil jedes Teil z\u00e4hlt! Gro\u00dfhandel f\u00fcr Kfz-Ersatzteile, Verschlei\u00dfteile und Werkstatteinrichtung. | Gro\u00dfhandel, Autoteile, Autozubeh\u00f6r, Werkstatteinrichtung\",\"isPartOf\":{\"@id\":\"https:\/\/www.neimcke.de\/#website\"},\"datePublished\":\"2019-10-25T09:41:21+00:00\",\"author\":{\"@id\":\"https:\/\/www.neimcke.de\/#\/schema\/person\/79240196b1c916ccd920eaff33fb5620\"},\"breadcrumb\":{\"@id\":\"https:\/\/www.neimcke.de\/neimcke-am-berufsinformationsabend-an-der-realschule-waldkraiburg\/#breadcrumb\"},\"inLanguage\":\"de-AT\",\"potentialAction\":[{\"@type\":\"ReadAction\",\"target\":[\"https:\/\/www.neimcke.de\/neimcke-am-berufsinformationsabend-an-der-realschule-waldkraiburg\/\"]}]},{\"@type\":\"BreadcrumbList\",\"@id\":\"https:\/\/www.neimcke.de\/neimcke-am-berufsinformationsabend-an-der-realschule-waldkraiburg\/#breadcrumb\",\"itemListElement\":[{\"@type\":\"ListItem\",\"position\":1,\"name\":\"Startseite\",\"item\":\"https:\/\/www.neimcke.de\/at\/www-neimcke-de\/\"},{\"@type\":\"ListItem\",\"position\":2,\"name\":\"Neimcke am Berufsinformationsabend an der Realschule Waldkraiburg\"}]},{\"@type\":\"WebSite\",\"@id\":\"https:\/\/www.neimcke.de\/#website\",\"url\":\"https:\/\/www.neimcke.de\/\",\"name\":\"Neimcke - Weil jedes Teil z\u00e4hlt! Gro\u00dfhandel f\u00fcr Kfz-Ersatzteile, Verschlei\u00dfteile und Werkstatteinrichtung. | Gro\u00dfhandel, Autoteile, Autozubeh\u00f6r, Werkstatteinrichtung\",\"description\":\"Weil jedes Teil z\u00e4hlt! Gro\u00dfhandel f\u00fcr Kfz-Ersatzteile, Verschlei\u00dfteile und Werkstatteinrichtung.\",\"potentialAction\":[{\"@type\":\"SearchAction\",\"target\":{\"@type\":\"EntryPoint\",\"urlTemplate\":\"https:\/\/www.neimcke.de\/?s={search_term_string}\"},\"query-input\":{\"@type\":\"PropertyValueSpecification\",\"valueRequired\":true,\"valueName\":\"search_term_string\"}}],\"inLanguage\":\"de-AT\"},{\"@type\":\"Person\",\"@id\":\"https:\/\/www.neimcke.de\/#\/schema\/person\/79240196b1c916ccd920eaff33fb5620\",\"name\":\"Thomas Steiner\",\"image\":{\"@type\":\"ImageObject\",\"inLanguage\":\"de-AT\",\"@id\":\"https:\/\/www.neimcke.de\/#\/schema\/person\/image\/\",\"url\":\"https:\/\/secure.gravatar.com\/avatar\/86da04914b2ee32923c672eed7095ef34270eac3a3c1951d32152792dd8f4da5?s=96&d=mm&r=g\",\"contentUrl\":\"https:\/\/secure.gravatar.com\/avatar\/86da04914b2ee32923c672eed7095ef34270eac3a3c1951d32152792dd8f4da5?s=96&d=mm&r=g\",\"caption\":\"Thomas Steiner\"},\"url\":\"https:\/\/www.neimcke.de\/at\/author\/bitminds\/\"}]}<\/script>\n<!-- \/ Yoast SEO plugin. -->","yoast_head_json":{"title":"Neimcke am Berufsinformationsabend an der Realschule Waldkraiburg - Neimcke - Weil jedes Teil z\u00e4hlt! Gro\u00dfhandel f\u00fcr Kfz-Ersatzteile, Verschlei\u00dfteile und Werkstatteinrichtung. | Gro\u00dfhandel, Autoteile, Autozubeh\u00f6r, Werkstatteinrichtung","robots":{"index":"index","follow":"follow","max-snippet":"max-snippet:-1","max-image-preview":"max-image-preview:large","max-video-preview":"max-video-preview:-1"},"canonical":"https:\/\/www.neimcke.de\/neimcke-am-berufsinformationsabend-an-der-realschule-waldkraiburg\/","og_locale":"de_DE","og_type":"article","og_title":"Neimcke am Berufsinformationsabend an der Realschule Waldkraiburg - Neimcke - Weil jedes Teil z\u00e4hlt! Gro\u00dfhandel f\u00fcr Kfz-Ersatzteile, Verschlei\u00dfteile und Werkstatteinrichtung. | Gro\u00dfhandel, Autoteile, Autozubeh\u00f6r, Werkstatteinrichtung","og_description":"Am 24.10.2019 fand der Berufs-Informationsabend an der staatl. Realschule in Waldkraiburg statt. Unser\u00a0Ausbildungsteam informierte \u00fcber die Ausbildung bei NEIMCKE. Das Interesse der Sch\u00fcler und Sch\u00fclerinnen war sehr gro\u00df! N\u00e4here Infos zur Ausbildung finden Sie unter\u00a0https:\/\/www.neimcke.de\/karriere\/ausbildung\/ &nbsp;","og_url":"https:\/\/www.neimcke.de\/neimcke-am-berufsinformationsabend-an-der-realschule-waldkraiburg\/","og_site_name":"Neimcke - Weil jedes Teil z\u00e4hlt! Gro\u00dfhandel f\u00fcr Kfz-Ersatzteile, Verschlei\u00dfteile und Werkstatteinrichtung. | Gro\u00dfhandel, Autoteile, Autozubeh\u00f6r, Werkstatteinrichtung","article_publisher":"https:\/\/de-de.facebook.com\/Neimcke\/","article_published_time":"2019-10-25T09:41:21+00:00","author":"Thomas Steiner","twitter_card":"summary_large_image","twitter_creator":"@neimcke","twitter_site":"@neimcke","twitter_misc":{"Written by":"Thomas Steiner"},"schema":{"@context":"https:\/\/schema.org","@graph":[{"@type":"Article","@id":"https:\/\/www.neimcke.de\/neimcke-am-berufsinformationsabend-an-der-realschule-waldkraiburg\/#article","isPartOf":{"@id":"https:\/\/www.neimcke.de\/neimcke-am-berufsinformationsabend-an-der-realschule-waldkraiburg\/"},"author":{"name":"Thomas Steiner","@id":"https:\/\/www.neimcke.de\/#\/schema\/person\/79240196b1c916ccd920eaff33fb5620"},"headline":"Neimcke am Berufsinformationsabend an der Realschule Waldkraiburg","datePublished":"2019-10-25T09:41:21+00:00","mainEntityOfPage":{"@id":"https:\/\/www.neimcke.de\/neimcke-am-berufsinformationsabend-an-der-realschule-waldkraiburg\/"},"wordCount":52,"articleSection":["Unkategorisiert"],"inLanguage":"de-AT"},{"@type":"WebPage","@id":"https:\/\/www.neimcke.de\/neimcke-am-berufsinformationsabend-an-der-realschule-waldkraiburg\/","url":"https:\/\/www.neimcke.de\/neimcke-am-berufsinformationsabend-an-der-realschule-waldkraiburg\/","name":"Neimcke am Berufsinformationsabend an der Realschule Waldkraiburg - Neimcke - Weil jedes Teil z\u00e4hlt! Gro\u00dfhandel f\u00fcr Kfz-Ersatzteile, Verschlei\u00dfteile und Werkstatteinrichtung. | Gro\u00dfhandel, Autoteile, Autozubeh\u00f6r, Werkstatteinrichtung","isPartOf":{"@id":"https:\/\/www.neimcke.de\/#website"},"datePublished":"2019-10-25T09:41:21+00:00","author":{"@id":"https:\/\/www.neimcke.de\/#\/schema\/person\/79240196b1c916ccd920eaff33fb5620"},"breadcrumb":{"@id":"https:\/\/www.neimcke.de\/neimcke-am-berufsinformationsabend-an-der-realschule-waldkraiburg\/#breadcrumb"},"inLanguage":"de-AT","potentialAction":[{"@type":"ReadAction","target":["https:\/\/www.neimcke.de\/neimcke-am-berufsinformationsabend-an-der-realschule-waldkraiburg\/"]}]},{"@type":"BreadcrumbList","@id":"https:\/\/www.neimcke.de\/neimcke-am-berufsinformationsabend-an-der-realschule-waldkraiburg\/#breadcrumb","itemListElement":[{"@type":"ListItem","position":1,"name":"Startseite","item":"https:\/\/www.neimcke.de\/at\/www-neimcke-de\/"},{"@type":"ListItem","position":2,"name":"Neimcke am Berufsinformationsabend an der Realschule Waldkraiburg"}]},{"@type":"WebSite","@id":"https:\/\/www.neimcke.de\/#website","url":"https:\/\/www.neimcke.de\/","name":"Neimcke - Weil jedes Teil z\u00e4hlt! Gro\u00dfhandel f\u00fcr Kfz-Ersatzteile, Verschlei\u00dfteile und Werkstatteinrichtung. | Gro\u00dfhandel, Autoteile, Autozubeh\u00f6r, Werkstatteinrichtung","description":"Weil jedes Teil z\u00e4hlt! Gro\u00dfhandel f\u00fcr Kfz-Ersatzteile, Verschlei\u00dfteile und Werkstatteinrichtung.","potentialAction":[{"@type":"SearchAction","target":{"@type":"EntryPoint","urlTemplate":"https:\/\/www.neimcke.de\/?s={search_term_string}"},"query-input":{"@type":"PropertyValueSpecification","valueRequired":true,"valueName":"search_term_string"}}],"inLanguage":"de-AT"},{"@type":"Person","@id":"https:\/\/www.neimcke.de\/#\/schema\/person\/79240196b1c916ccd920eaff33fb5620","name":"Thomas Steiner","image":{"@type":"ImageObject","inLanguage":"de-AT","@id":"https:\/\/www.neimcke.de\/#\/schema\/person\/image\/","url":"https:\/\/secure.gravatar.com\/avatar\/86da04914b2ee32923c672eed7095ef34270eac3a3c1951d32152792dd8f4da5?s=96&d=mm&r=g","contentUrl":"https:\/\/secure.gravatar.com\/avatar\/86da04914b2ee32923c672eed7095ef34270eac3a3c1951d32152792dd8f4da5?s=96&d=mm&r=g","caption":"Thomas Steiner"},"url":"https:\/\/www.neimcke.de\/at\/author\/bitminds\/"}]}},"_links":{"self":[{"href":"https:\/\/www.neimcke.de\/at\/wp-json\/wp\/v2\/posts\/4828","targetHints":{"allow":["GET"]}}],"collection":[{"href":"https:\/\/www.neimcke.de\/at\/wp-json\/wp\/v2\/posts"}],"about":[{"href":"https:\/\/www.neimcke.de\/at\/wp-json\/wp\/v2\/types\/post"}],"author":[{"embeddable":true,"href":"https:\/\/www.neimcke.de\/at\/wp-json\/wp\/v2\/users\/9"}],"replies":[{"embeddable":true,"href":"https:\/\/www.neimcke.de\/at\/wp-json\/wp\/v2\/comments?post=4828"}],"version-history":[{"count":1,"href":"https:\/\/www.neimcke.de\/at\/wp-json\/wp\/v2\/posts\/4828\/revisions"}],"predecessor-version":[{"id":4831,"href":"https:\/\/www.neimcke.de\/at\/wp-json\/wp\/v2\/posts\/4828\/revisions\/4831"}],"wp:attachment":[{"href":"https:\/\/www.neimcke.de\/at\/wp-json\/wp\/v2\/media?parent=4828"}],"wp:term":[{"taxonomy":"category","embeddable":true,"href":"https:\/\/www.neimcke.de\/at\/wp-json\/wp\/v2\/categories?post=4828"},{"taxonomy":"post_tag","embeddable":true,"href":"https:\/\/www.neimcke.de\/at\/wp-json\/wp\/v2\/tags?post=4828"}],"curies":[{"name":"wp","href":"https:\/\/api.w.org\/{rel}","templated":true}]}}