{"id":4733,"date":"2019-09-25T08:38:39","date_gmt":"2019-09-25T06:38:39","guid":{"rendered":"https:\/\/www.neimcke.de\/?p=4733"},"modified":"2019-09-25T09:07:23","modified_gmt":"2019-09-25T07:07:23","slug":"neimcke-jubilaeen-2019","status":"publish","type":"post","link":"https:\/\/www.neimcke.de\/at\/neimcke-jubilaeen-2019\/","title":{"rendered":"Neimcke Jubil\u00e4en 2019"},"content":{"rendered":"<p>Die Firma Neimcke GmbH &amp; Co. KG ehrte im September bei einem gemeinsamen Essen alle Jubilare des Jahres 2019. Gesch\u00e4ftsf\u00fchrer J\u00f6rg Neimcke blickt zusammen mit seinen langj\u00e4hrigen Mitarbeitern auf eine erfolgreiche Vergangenheit zur\u00fcck.<br \/>\nhintere Reihe: \u00a0 Leiter Werkstatteinrichtung M\u00fchldorf Peter Sch\u00f6nhuber, Peter \u00d6ttl (40 Jahre), Gesch\u00e4ftsf\u00fchrer J\u00f6rg Neimcke<br \/>\nmittlere Reihe: Herbert Siglreitmaier (35 Jahre), Maximilian Mitterpleininger (20 Jahre), G\u00fcnther Eschenlohr (35 Jahre), Andreas Heinrich (25 Jahre), Jens Schimek (40 Jahre)<br \/>\nvordere Reihe: Niederlassungsleiter Kirchheim Christian P\u00f6schmann, Tobias M\u00fchlbacher (20 Jahre), Daniel Ro\u00dfmann (10 Jahre), Christoph Buchmann (10 Jahre), Rudolf Schneider (25 Jahre), Thomas Reichhart (30 Jahre), Klaus Salzinger (40 Jahre), Ernst Huber (40 Jahre), Niederlassungsleiter Traunstein Rainer Ortner<br \/>\nkniend: Ingrid Freiberg (40 Jahre), Klaus Bichlmaier (25 Jahre), Petra Huber (30 Jahre)<\/p>\n<p>nicht auf dem Bild sind bei einer Betriebszugeh\u00f6rigkeit von<br \/>\n10 Jahren: Thomas Mill, Patrick Posch, Christian Saboth<br \/>\n20 Jahren: Marion Hoffmann, Harald Huber, Franz Steinma\u00dfl, Hildegard Wiesheu<br \/>\n25 Jahren: Konrad Spiegelsberger<br \/>\n30 Jahren: Franz Burghartswieser<br \/>\n35 Jahren: Silvia H\u00f6dl, Ilse Lechner<br \/>\n40 Jahren: Wolfgang Peterbauer, Alois Vitzthum<\/p>\n","protected":false},"excerpt":{"rendered":"<p>Die Firma Neimcke GmbH &amp; Co. KG ehrte im September bei einem gemeinsamen Essen alle Jubilare des Jahres 2019. Gesch\u00e4ftsf\u00fchrer J\u00f6rg Neimcke blickt zusammen mit seinen langj\u00e4hrigen Mitarbeitern auf eine erfolgreiche Vergangenheit zur\u00fcck. hintere Reihe: \u00a0 Leiter Werkstatteinrichtung M\u00fchldorf Peter Sch\u00f6nhuber, Peter \u00d6ttl (40 Jahre), Gesch\u00e4ftsf\u00fchrer J\u00f6rg Neimcke mittlere Reihe: Herbert Siglreitmaier (35 Jahre), Maximilian&nbsp; <a href=\"https:\/\/www.neimcke.de\/at\/neimcke-jubilaeen-2019\/\">&hellip; Read more <i class=\"fa fa-arrow-right\"><\/i><\/a><\/p>\n","protected":false},"author":9,"featured_media":0,"comment_status":"closed","ping_status":"closed","sticky":false,"template":"","format":"standard","meta":{"_acf_changed":false,"footnotes":""},"categories":[1],"tags":[],"class_list":["post-4733","post","type-post","status-publish","format-standard","hentry","category-unkategorisiert"],"acf":[],"yoast_head":"<!-- This site is optimized with the Yoast SEO plugin v26.7 - https:\/\/yoast.com\/wordpress\/plugins\/seo\/ -->\n<title>Neimcke Jubil\u00e4en 2019 - Neimcke - Weil jedes Teil z\u00e4hlt! Gro\u00dfhandel f\u00fcr Kfz-Ersatzteile, Verschlei\u00dfteile und Werkstatteinrichtung. | Gro\u00dfhandel, Autoteile, Autozubeh\u00f6r, Werkstatteinrichtung<\/title>\n<meta name=\"robots\" content=\"index, follow, max-snippet:-1, max-image-preview:large, max-video-preview:-1\" \/>\n<link rel=\"canonical\" href=\"https:\/\/www.neimcke.de\/neimcke-jubilaeen-2019\/\" \/>\n<meta property=\"og:locale\" content=\"de_DE\" \/>\n<meta property=\"og:type\" content=\"article\" \/>\n<meta property=\"og:title\" content=\"Neimcke Jubil\u00e4en 2019 - Neimcke - Weil jedes Teil z\u00e4hlt! Gro\u00dfhandel f\u00fcr Kfz-Ersatzteile, Verschlei\u00dfteile und Werkstatteinrichtung. | Gro\u00dfhandel, Autoteile, Autozubeh\u00f6r, Werkstatteinrichtung\" \/>\n<meta property=\"og:description\" content=\"Die Firma Neimcke GmbH &amp; Co. KG ehrte im September bei einem gemeinsamen Essen alle Jubilare des Jahres 2019. Gesch\u00e4ftsf\u00fchrer J\u00f6rg Neimcke blickt zusammen mit seinen langj\u00e4hrigen Mitarbeitern auf eine erfolgreiche Vergangenheit zur\u00fcck. hintere Reihe: \u00a0 Leiter Werkstatteinrichtung M\u00fchldorf Peter Sch\u00f6nhuber, Peter \u00d6ttl (40 Jahre), Gesch\u00e4ftsf\u00fchrer J\u00f6rg Neimcke mittlere Reihe: Herbert Siglreitmaier (35 Jahre), Maximilian&nbsp; &hellip; Read more\" \/>\n<meta property=\"og:url\" content=\"https:\/\/www.neimcke.de\/neimcke-jubilaeen-2019\/\" \/>\n<meta property=\"og:site_name\" content=\"Neimcke - Weil jedes Teil z\u00e4hlt! Gro\u00dfhandel f\u00fcr Kfz-Ersatzteile, Verschlei\u00dfteile und Werkstatteinrichtung. | Gro\u00dfhandel, Autoteile, Autozubeh\u00f6r, Werkstatteinrichtung\" \/>\n<meta property=\"article:publisher\" content=\"https:\/\/de-de.facebook.com\/Neimcke\/\" \/>\n<meta property=\"article:published_time\" content=\"2019-09-25T06:38:39+00:00\" \/>\n<meta property=\"article:modified_time\" content=\"2019-09-25T07:07:23+00:00\" \/>\n<meta name=\"author\" content=\"Thomas Steiner\" \/>\n<meta name=\"twitter:card\" content=\"summary_large_image\" \/>\n<meta name=\"twitter:creator\" content=\"@neimcke\" \/>\n<meta name=\"twitter:site\" content=\"@neimcke\" \/>\n<meta name=\"twitter:label1\" content=\"Written by\" \/>\n\t<meta name=\"twitter:data1\" content=\"Thomas Steiner\" \/>\n\t<meta name=\"twitter:label2\" content=\"Est. reading time\" \/>\n\t<meta name=\"twitter:data2\" content=\"1 minute\" \/>\n<script type=\"application\/ld+json\" class=\"yoast-schema-graph\">{\"@context\":\"https:\/\/schema.org\",\"@graph\":[{\"@type\":\"Article\",\"@id\":\"https:\/\/www.neimcke.de\/neimcke-jubilaeen-2019\/#article\",\"isPartOf\":{\"@id\":\"https:\/\/www.neimcke.de\/neimcke-jubilaeen-2019\/\"},\"author\":{\"name\":\"Thomas Steiner\",\"@id\":\"https:\/\/www.neimcke.de\/#\/schema\/person\/79240196b1c916ccd920eaff33fb5620\"},\"headline\":\"Neimcke Jubil\u00e4en 2019\",\"datePublished\":\"2019-09-25T06:38:39+00:00\",\"dateModified\":\"2019-09-25T07:07:23+00:00\",\"mainEntityOfPage\":{\"@id\":\"https:\/\/www.neimcke.de\/neimcke-jubilaeen-2019\/\"},\"wordCount\":164,\"articleSection\":[\"Unkategorisiert\"],\"inLanguage\":\"de-AT\"},{\"@type\":\"WebPage\",\"@id\":\"https:\/\/www.neimcke.de\/neimcke-jubilaeen-2019\/\",\"url\":\"https:\/\/www.neimcke.de\/neimcke-jubilaeen-2019\/\",\"name\":\"Neimcke Jubil\u00e4en 2019 - Neimcke - Weil jedes Teil z\u00e4hlt! Gro\u00dfhandel f\u00fcr Kfz-Ersatzteile, Verschlei\u00dfteile und Werkstatteinrichtung. | Gro\u00dfhandel, Autoteile, Autozubeh\u00f6r, Werkstatteinrichtung\",\"isPartOf\":{\"@id\":\"https:\/\/www.neimcke.de\/#website\"},\"datePublished\":\"2019-09-25T06:38:39+00:00\",\"dateModified\":\"2019-09-25T07:07:23+00:00\",\"author\":{\"@id\":\"https:\/\/www.neimcke.de\/#\/schema\/person\/79240196b1c916ccd920eaff33fb5620\"},\"breadcrumb\":{\"@id\":\"https:\/\/www.neimcke.de\/neimcke-jubilaeen-2019\/#breadcrumb\"},\"inLanguage\":\"de-AT\",\"potentialAction\":[{\"@type\":\"ReadAction\",\"target\":[\"https:\/\/www.neimcke.de\/neimcke-jubilaeen-2019\/\"]}]},{\"@type\":\"BreadcrumbList\",\"@id\":\"https:\/\/www.neimcke.de\/neimcke-jubilaeen-2019\/#breadcrumb\",\"itemListElement\":[{\"@type\":\"ListItem\",\"position\":1,\"name\":\"Startseite\",\"item\":\"https:\/\/www.neimcke.de\/at\/www-neimcke-de\/\"},{\"@type\":\"ListItem\",\"position\":2,\"name\":\"Neimcke Jubil\u00e4en 2019\"}]},{\"@type\":\"WebSite\",\"@id\":\"https:\/\/www.neimcke.de\/#website\",\"url\":\"https:\/\/www.neimcke.de\/\",\"name\":\"Neimcke - Weil jedes Teil z\u00e4hlt! Gro\u00dfhandel f\u00fcr Kfz-Ersatzteile, Verschlei\u00dfteile und Werkstatteinrichtung. | Gro\u00dfhandel, Autoteile, Autozubeh\u00f6r, Werkstatteinrichtung\",\"description\":\"Weil jedes Teil z\u00e4hlt! Gro\u00dfhandel f\u00fcr Kfz-Ersatzteile, Verschlei\u00dfteile und Werkstatteinrichtung.\",\"potentialAction\":[{\"@type\":\"SearchAction\",\"target\":{\"@type\":\"EntryPoint\",\"urlTemplate\":\"https:\/\/www.neimcke.de\/?s={search_term_string}\"},\"query-input\":{\"@type\":\"PropertyValueSpecification\",\"valueRequired\":true,\"valueName\":\"search_term_string\"}}],\"inLanguage\":\"de-AT\"},{\"@type\":\"Person\",\"@id\":\"https:\/\/www.neimcke.de\/#\/schema\/person\/79240196b1c916ccd920eaff33fb5620\",\"name\":\"Thomas Steiner\",\"image\":{\"@type\":\"ImageObject\",\"inLanguage\":\"de-AT\",\"@id\":\"https:\/\/www.neimcke.de\/#\/schema\/person\/image\/\",\"url\":\"https:\/\/secure.gravatar.com\/avatar\/86da04914b2ee32923c672eed7095ef34270eac3a3c1951d32152792dd8f4da5?s=96&d=mm&r=g\",\"contentUrl\":\"https:\/\/secure.gravatar.com\/avatar\/86da04914b2ee32923c672eed7095ef34270eac3a3c1951d32152792dd8f4da5?s=96&d=mm&r=g\",\"caption\":\"Thomas Steiner\"},\"url\":\"https:\/\/www.neimcke.de\/at\/author\/bitminds\/\"}]}<\/script>\n<!-- \/ Yoast SEO plugin. -->","yoast_head_json":{"title":"Neimcke Jubil\u00e4en 2019 - Neimcke - Weil jedes Teil z\u00e4hlt! Gro\u00dfhandel f\u00fcr Kfz-Ersatzteile, Verschlei\u00dfteile und Werkstatteinrichtung. | Gro\u00dfhandel, Autoteile, Autozubeh\u00f6r, Werkstatteinrichtung","robots":{"index":"index","follow":"follow","max-snippet":"max-snippet:-1","max-image-preview":"max-image-preview:large","max-video-preview":"max-video-preview:-1"},"canonical":"https:\/\/www.neimcke.de\/neimcke-jubilaeen-2019\/","og_locale":"de_DE","og_type":"article","og_title":"Neimcke Jubil\u00e4en 2019 - Neimcke - Weil jedes Teil z\u00e4hlt! Gro\u00dfhandel f\u00fcr Kfz-Ersatzteile, Verschlei\u00dfteile und Werkstatteinrichtung. | Gro\u00dfhandel, Autoteile, Autozubeh\u00f6r, Werkstatteinrichtung","og_description":"Die Firma Neimcke GmbH &amp; Co. KG ehrte im September bei einem gemeinsamen Essen alle Jubilare des Jahres 2019. Gesch\u00e4ftsf\u00fchrer J\u00f6rg Neimcke blickt zusammen mit seinen langj\u00e4hrigen Mitarbeitern auf eine erfolgreiche Vergangenheit zur\u00fcck. hintere Reihe: \u00a0 Leiter Werkstatteinrichtung M\u00fchldorf Peter Sch\u00f6nhuber, Peter \u00d6ttl (40 Jahre), Gesch\u00e4ftsf\u00fchrer J\u00f6rg Neimcke mittlere Reihe: Herbert Siglreitmaier (35 Jahre), Maximilian&nbsp; &hellip; Read more","og_url":"https:\/\/www.neimcke.de\/neimcke-jubilaeen-2019\/","og_site_name":"Neimcke - Weil jedes Teil z\u00e4hlt! Gro\u00dfhandel f\u00fcr Kfz-Ersatzteile, Verschlei\u00dfteile und Werkstatteinrichtung. | Gro\u00dfhandel, Autoteile, Autozubeh\u00f6r, Werkstatteinrichtung","article_publisher":"https:\/\/de-de.facebook.com\/Neimcke\/","article_published_time":"2019-09-25T06:38:39+00:00","article_modified_time":"2019-09-25T07:07:23+00:00","author":"Thomas Steiner","twitter_card":"summary_large_image","twitter_creator":"@neimcke","twitter_site":"@neimcke","twitter_misc":{"Written by":"Thomas Steiner","Est. reading time":"1 minute"},"schema":{"@context":"https:\/\/schema.org","@graph":[{"@type":"Article","@id":"https:\/\/www.neimcke.de\/neimcke-jubilaeen-2019\/#article","isPartOf":{"@id":"https:\/\/www.neimcke.de\/neimcke-jubilaeen-2019\/"},"author":{"name":"Thomas Steiner","@id":"https:\/\/www.neimcke.de\/#\/schema\/person\/79240196b1c916ccd920eaff33fb5620"},"headline":"Neimcke Jubil\u00e4en 2019","datePublished":"2019-09-25T06:38:39+00:00","dateModified":"2019-09-25T07:07:23+00:00","mainEntityOfPage":{"@id":"https:\/\/www.neimcke.de\/neimcke-jubilaeen-2019\/"},"wordCount":164,"articleSection":["Unkategorisiert"],"inLanguage":"de-AT"},{"@type":"WebPage","@id":"https:\/\/www.neimcke.de\/neimcke-jubilaeen-2019\/","url":"https:\/\/www.neimcke.de\/neimcke-jubilaeen-2019\/","name":"Neimcke Jubil\u00e4en 2019 - Neimcke - Weil jedes Teil z\u00e4hlt! Gro\u00dfhandel f\u00fcr Kfz-Ersatzteile, Verschlei\u00dfteile und Werkstatteinrichtung. | Gro\u00dfhandel, Autoteile, Autozubeh\u00f6r, Werkstatteinrichtung","isPartOf":{"@id":"https:\/\/www.neimcke.de\/#website"},"datePublished":"2019-09-25T06:38:39+00:00","dateModified":"2019-09-25T07:07:23+00:00","author":{"@id":"https:\/\/www.neimcke.de\/#\/schema\/person\/79240196b1c916ccd920eaff33fb5620"},"breadcrumb":{"@id":"https:\/\/www.neimcke.de\/neimcke-jubilaeen-2019\/#breadcrumb"},"inLanguage":"de-AT","potentialAction":[{"@type":"ReadAction","target":["https:\/\/www.neimcke.de\/neimcke-jubilaeen-2019\/"]}]},{"@type":"BreadcrumbList","@id":"https:\/\/www.neimcke.de\/neimcke-jubilaeen-2019\/#breadcrumb","itemListElement":[{"@type":"ListItem","position":1,"name":"Startseite","item":"https:\/\/www.neimcke.de\/at\/www-neimcke-de\/"},{"@type":"ListItem","position":2,"name":"Neimcke Jubil\u00e4en 2019"}]},{"@type":"WebSite","@id":"https:\/\/www.neimcke.de\/#website","url":"https:\/\/www.neimcke.de\/","name":"Neimcke - Weil jedes Teil z\u00e4hlt! Gro\u00dfhandel f\u00fcr Kfz-Ersatzteile, Verschlei\u00dfteile und Werkstatteinrichtung. | Gro\u00dfhandel, Autoteile, Autozubeh\u00f6r, Werkstatteinrichtung","description":"Weil jedes Teil z\u00e4hlt! Gro\u00dfhandel f\u00fcr Kfz-Ersatzteile, Verschlei\u00dfteile und Werkstatteinrichtung.","potentialAction":[{"@type":"SearchAction","target":{"@type":"EntryPoint","urlTemplate":"https:\/\/www.neimcke.de\/?s={search_term_string}"},"query-input":{"@type":"PropertyValueSpecification","valueRequired":true,"valueName":"search_term_string"}}],"inLanguage":"de-AT"},{"@type":"Person","@id":"https:\/\/www.neimcke.de\/#\/schema\/person\/79240196b1c916ccd920eaff33fb5620","name":"Thomas Steiner","image":{"@type":"ImageObject","inLanguage":"de-AT","@id":"https:\/\/www.neimcke.de\/#\/schema\/person\/image\/","url":"https:\/\/secure.gravatar.com\/avatar\/86da04914b2ee32923c672eed7095ef34270eac3a3c1951d32152792dd8f4da5?s=96&d=mm&r=g","contentUrl":"https:\/\/secure.gravatar.com\/avatar\/86da04914b2ee32923c672eed7095ef34270eac3a3c1951d32152792dd8f4da5?s=96&d=mm&r=g","caption":"Thomas Steiner"},"url":"https:\/\/www.neimcke.de\/at\/author\/bitminds\/"}]}},"_links":{"self":[{"href":"https:\/\/www.neimcke.de\/at\/wp-json\/wp\/v2\/posts\/4733","targetHints":{"allow":["GET"]}}],"collection":[{"href":"https:\/\/www.neimcke.de\/at\/wp-json\/wp\/v2\/posts"}],"about":[{"href":"https:\/\/www.neimcke.de\/at\/wp-json\/wp\/v2\/types\/post"}],"author":[{"embeddable":true,"href":"https:\/\/www.neimcke.de\/at\/wp-json\/wp\/v2\/users\/9"}],"replies":[{"embeddable":true,"href":"https:\/\/www.neimcke.de\/at\/wp-json\/wp\/v2\/comments?post=4733"}],"version-history":[{"count":3,"href":"https:\/\/www.neimcke.de\/at\/wp-json\/wp\/v2\/posts\/4733\/revisions"}],"predecessor-version":[{"id":4738,"href":"https:\/\/www.neimcke.de\/at\/wp-json\/wp\/v2\/posts\/4733\/revisions\/4738"}],"wp:attachment":[{"href":"https:\/\/www.neimcke.de\/at\/wp-json\/wp\/v2\/media?parent=4733"}],"wp:term":[{"taxonomy":"category","embeddable":true,"href":"https:\/\/www.neimcke.de\/at\/wp-json\/wp\/v2\/categories?post=4733"},{"taxonomy":"post_tag","embeddable":true,"href":"https:\/\/www.neimcke.de\/at\/wp-json\/wp\/v2\/tags?post=4733"}],"curies":[{"name":"wp","href":"https:\/\/api.w.org\/{rel}","templated":true}]}}