{"id":4058,"date":"2019-04-03T10:53:25","date_gmt":"2019-04-03T08:53:25","guid":{"rendered":"https:\/\/www.neimcke.de\/?p=4058"},"modified":"2019-04-03T10:53:25","modified_gmt":"2019-04-03T08:53:25","slug":"neimcke-azubi-macht-fortbildung-zum-internationalen-kaufmann-in-london","status":"publish","type":"post","link":"https:\/\/www.neimcke.de\/at\/neimcke-azubi-macht-fortbildung-zum-internationalen-kaufmann-in-london\/","title":{"rendered":"Neimcke Azubi macht Fortbildung zum Internationalen Kaufmann in London"},"content":{"rendered":"<p>Im M\u00e4rz 2019 hatte unser Traunsteiner NEIMCKE Azubi Fabian Esterbauer die Gelegenheit, innerhalb seiner Ausbildung die Zusatzqualifikation zum Internationalen Kaufmann zu machen. Er besuchten daf\u00fcr f\u00fcr drei Wochen das European College of Business and Management in London. Die Erkundung von London kam nat\u00fcrlich auch nicht zu kurz. Wir gratulieren Fabian zum bestandenen Examen!<\/p>\n","protected":false},"excerpt":{"rendered":"<p>Im M\u00e4rz 2019 hatte unser Traunsteiner NEIMCKE Azubi Fabian Esterbauer die Gelegenheit, innerhalb seiner Ausbildung die Zusatzqualifikation zum Internationalen Kaufmann zu machen. Er besuchten daf\u00fcr f\u00fcr drei Wochen das European College of Business and Management in London. Die Erkundung von London kam nat\u00fcrlich auch nicht zu kurz. Wir gratulieren Fabian zum bestandenen Examen!<\/p>\n","protected":false},"author":9,"featured_media":0,"comment_status":"closed","ping_status":"closed","sticky":false,"template":"","format":"standard","meta":{"_acf_changed":false,"footnotes":""},"categories":[1],"tags":[],"class_list":["post-4058","post","type-post","status-publish","format-standard","hentry","category-unkategorisiert"],"acf":[],"yoast_head":"<!-- This site is optimized with the Yoast SEO plugin v26.7 - https:\/\/yoast.com\/wordpress\/plugins\/seo\/ -->\n<title>Neimcke Azubi macht Fortbildung zum Internationalen Kaufmann in London - Neimcke - Weil jedes Teil z\u00e4hlt! Gro\u00dfhandel f\u00fcr Kfz-Ersatzteile, Verschlei\u00dfteile und Werkstatteinrichtung. | Gro\u00dfhandel, Autoteile, Autozubeh\u00f6r, Werkstatteinrichtung<\/title>\n<meta name=\"robots\" content=\"index, follow, max-snippet:-1, max-image-preview:large, max-video-preview:-1\" \/>\n<link rel=\"canonical\" href=\"https:\/\/www.neimcke.de\/neimcke-azubi-macht-fortbildung-zum-internationalen-kaufmann-in-london\/\" \/>\n<meta property=\"og:locale\" content=\"de_DE\" \/>\n<meta property=\"og:type\" content=\"article\" \/>\n<meta property=\"og:title\" content=\"Neimcke Azubi macht Fortbildung zum Internationalen Kaufmann in London - Neimcke - Weil jedes Teil z\u00e4hlt! Gro\u00dfhandel f\u00fcr Kfz-Ersatzteile, Verschlei\u00dfteile und Werkstatteinrichtung. | Gro\u00dfhandel, Autoteile, Autozubeh\u00f6r, Werkstatteinrichtung\" \/>\n<meta property=\"og:description\" content=\"Im M\u00e4rz 2019 hatte unser Traunsteiner NEIMCKE Azubi Fabian Esterbauer die Gelegenheit, innerhalb seiner Ausbildung die Zusatzqualifikation zum Internationalen Kaufmann zu machen. Er besuchten daf\u00fcr f\u00fcr drei Wochen das European College of Business and Management in London. Die Erkundung von London kam nat\u00fcrlich auch nicht zu kurz. Wir gratulieren Fabian zum bestandenen Examen!\" \/>\n<meta property=\"og:url\" content=\"https:\/\/www.neimcke.de\/neimcke-azubi-macht-fortbildung-zum-internationalen-kaufmann-in-london\/\" \/>\n<meta property=\"og:site_name\" content=\"Neimcke - Weil jedes Teil z\u00e4hlt! Gro\u00dfhandel f\u00fcr Kfz-Ersatzteile, Verschlei\u00dfteile und Werkstatteinrichtung. | Gro\u00dfhandel, Autoteile, Autozubeh\u00f6r, Werkstatteinrichtung\" \/>\n<meta property=\"article:publisher\" content=\"https:\/\/de-de.facebook.com\/Neimcke\/\" \/>\n<meta property=\"article:published_time\" content=\"2019-04-03T08:53:25+00:00\" \/>\n<meta name=\"author\" content=\"Thomas Steiner\" \/>\n<meta name=\"twitter:card\" content=\"summary_large_image\" \/>\n<meta name=\"twitter:creator\" content=\"@neimcke\" \/>\n<meta name=\"twitter:site\" content=\"@neimcke\" \/>\n<meta name=\"twitter:label1\" content=\"Written by\" \/>\n\t<meta name=\"twitter:data1\" content=\"Thomas Steiner\" \/>\n<script type=\"application\/ld+json\" class=\"yoast-schema-graph\">{\"@context\":\"https:\/\/schema.org\",\"@graph\":[{\"@type\":\"Article\",\"@id\":\"https:\/\/www.neimcke.de\/neimcke-azubi-macht-fortbildung-zum-internationalen-kaufmann-in-london\/#article\",\"isPartOf\":{\"@id\":\"https:\/\/www.neimcke.de\/neimcke-azubi-macht-fortbildung-zum-internationalen-kaufmann-in-london\/\"},\"author\":{\"name\":\"Thomas Steiner\",\"@id\":\"https:\/\/www.neimcke.de\/#\/schema\/person\/79240196b1c916ccd920eaff33fb5620\"},\"headline\":\"Neimcke Azubi macht Fortbildung zum Internationalen Kaufmann in London\",\"datePublished\":\"2019-04-03T08:53:25+00:00\",\"mainEntityOfPage\":{\"@id\":\"https:\/\/www.neimcke.de\/neimcke-azubi-macht-fortbildung-zum-internationalen-kaufmann-in-london\/\"},\"wordCount\":65,\"articleSection\":[\"Unkategorisiert\"],\"inLanguage\":\"de-AT\"},{\"@type\":\"WebPage\",\"@id\":\"https:\/\/www.neimcke.de\/neimcke-azubi-macht-fortbildung-zum-internationalen-kaufmann-in-london\/\",\"url\":\"https:\/\/www.neimcke.de\/neimcke-azubi-macht-fortbildung-zum-internationalen-kaufmann-in-london\/\",\"name\":\"Neimcke Azubi macht Fortbildung zum Internationalen Kaufmann in London - Neimcke - Weil jedes Teil z\u00e4hlt! Gro\u00dfhandel f\u00fcr Kfz-Ersatzteile, Verschlei\u00dfteile und Werkstatteinrichtung. | Gro\u00dfhandel, Autoteile, Autozubeh\u00f6r, Werkstatteinrichtung\",\"isPartOf\":{\"@id\":\"https:\/\/www.neimcke.de\/#website\"},\"datePublished\":\"2019-04-03T08:53:25+00:00\",\"author\":{\"@id\":\"https:\/\/www.neimcke.de\/#\/schema\/person\/79240196b1c916ccd920eaff33fb5620\"},\"breadcrumb\":{\"@id\":\"https:\/\/www.neimcke.de\/neimcke-azubi-macht-fortbildung-zum-internationalen-kaufmann-in-london\/#breadcrumb\"},\"inLanguage\":\"de-AT\",\"potentialAction\":[{\"@type\":\"ReadAction\",\"target\":[\"https:\/\/www.neimcke.de\/neimcke-azubi-macht-fortbildung-zum-internationalen-kaufmann-in-london\/\"]}]},{\"@type\":\"BreadcrumbList\",\"@id\":\"https:\/\/www.neimcke.de\/neimcke-azubi-macht-fortbildung-zum-internationalen-kaufmann-in-london\/#breadcrumb\",\"itemListElement\":[{\"@type\":\"ListItem\",\"position\":1,\"name\":\"Startseite\",\"item\":\"https:\/\/www.neimcke.de\/at\/www-neimcke-de\/\"},{\"@type\":\"ListItem\",\"position\":2,\"name\":\"Neimcke Azubi macht Fortbildung zum Internationalen Kaufmann in London\"}]},{\"@type\":\"WebSite\",\"@id\":\"https:\/\/www.neimcke.de\/#website\",\"url\":\"https:\/\/www.neimcke.de\/\",\"name\":\"Neimcke - Weil jedes Teil z\u00e4hlt! Gro\u00dfhandel f\u00fcr Kfz-Ersatzteile, Verschlei\u00dfteile und Werkstatteinrichtung. | Gro\u00dfhandel, Autoteile, Autozubeh\u00f6r, Werkstatteinrichtung\",\"description\":\"Weil jedes Teil z\u00e4hlt! Gro\u00dfhandel f\u00fcr Kfz-Ersatzteile, Verschlei\u00dfteile und Werkstatteinrichtung.\",\"potentialAction\":[{\"@type\":\"SearchAction\",\"target\":{\"@type\":\"EntryPoint\",\"urlTemplate\":\"https:\/\/www.neimcke.de\/?s={search_term_string}\"},\"query-input\":{\"@type\":\"PropertyValueSpecification\",\"valueRequired\":true,\"valueName\":\"search_term_string\"}}],\"inLanguage\":\"de-AT\"},{\"@type\":\"Person\",\"@id\":\"https:\/\/www.neimcke.de\/#\/schema\/person\/79240196b1c916ccd920eaff33fb5620\",\"name\":\"Thomas Steiner\",\"image\":{\"@type\":\"ImageObject\",\"inLanguage\":\"de-AT\",\"@id\":\"https:\/\/www.neimcke.de\/#\/schema\/person\/image\/\",\"url\":\"https:\/\/secure.gravatar.com\/avatar\/86da04914b2ee32923c672eed7095ef34270eac3a3c1951d32152792dd8f4da5?s=96&d=mm&r=g\",\"contentUrl\":\"https:\/\/secure.gravatar.com\/avatar\/86da04914b2ee32923c672eed7095ef34270eac3a3c1951d32152792dd8f4da5?s=96&d=mm&r=g\",\"caption\":\"Thomas Steiner\"},\"url\":\"https:\/\/www.neimcke.de\/at\/author\/bitminds\/\"}]}<\/script>\n<!-- \/ Yoast SEO plugin. -->","yoast_head_json":{"title":"Neimcke Azubi macht Fortbildung zum Internationalen Kaufmann in London - Neimcke - Weil jedes Teil z\u00e4hlt! Gro\u00dfhandel f\u00fcr Kfz-Ersatzteile, Verschlei\u00dfteile und Werkstatteinrichtung. | Gro\u00dfhandel, Autoteile, Autozubeh\u00f6r, Werkstatteinrichtung","robots":{"index":"index","follow":"follow","max-snippet":"max-snippet:-1","max-image-preview":"max-image-preview:large","max-video-preview":"max-video-preview:-1"},"canonical":"https:\/\/www.neimcke.de\/neimcke-azubi-macht-fortbildung-zum-internationalen-kaufmann-in-london\/","og_locale":"de_DE","og_type":"article","og_title":"Neimcke Azubi macht Fortbildung zum Internationalen Kaufmann in London - Neimcke - Weil jedes Teil z\u00e4hlt! Gro\u00dfhandel f\u00fcr Kfz-Ersatzteile, Verschlei\u00dfteile und Werkstatteinrichtung. | Gro\u00dfhandel, Autoteile, Autozubeh\u00f6r, Werkstatteinrichtung","og_description":"Im M\u00e4rz 2019 hatte unser Traunsteiner NEIMCKE Azubi Fabian Esterbauer die Gelegenheit, innerhalb seiner Ausbildung die Zusatzqualifikation zum Internationalen Kaufmann zu machen. Er besuchten daf\u00fcr f\u00fcr drei Wochen das European College of Business and Management in London. Die Erkundung von London kam nat\u00fcrlich auch nicht zu kurz. Wir gratulieren Fabian zum bestandenen Examen!","og_url":"https:\/\/www.neimcke.de\/neimcke-azubi-macht-fortbildung-zum-internationalen-kaufmann-in-london\/","og_site_name":"Neimcke - Weil jedes Teil z\u00e4hlt! Gro\u00dfhandel f\u00fcr Kfz-Ersatzteile, Verschlei\u00dfteile und Werkstatteinrichtung. | Gro\u00dfhandel, Autoteile, Autozubeh\u00f6r, Werkstatteinrichtung","article_publisher":"https:\/\/de-de.facebook.com\/Neimcke\/","article_published_time":"2019-04-03T08:53:25+00:00","author":"Thomas Steiner","twitter_card":"summary_large_image","twitter_creator":"@neimcke","twitter_site":"@neimcke","twitter_misc":{"Written by":"Thomas Steiner"},"schema":{"@context":"https:\/\/schema.org","@graph":[{"@type":"Article","@id":"https:\/\/www.neimcke.de\/neimcke-azubi-macht-fortbildung-zum-internationalen-kaufmann-in-london\/#article","isPartOf":{"@id":"https:\/\/www.neimcke.de\/neimcke-azubi-macht-fortbildung-zum-internationalen-kaufmann-in-london\/"},"author":{"name":"Thomas Steiner","@id":"https:\/\/www.neimcke.de\/#\/schema\/person\/79240196b1c916ccd920eaff33fb5620"},"headline":"Neimcke Azubi macht Fortbildung zum Internationalen Kaufmann in London","datePublished":"2019-04-03T08:53:25+00:00","mainEntityOfPage":{"@id":"https:\/\/www.neimcke.de\/neimcke-azubi-macht-fortbildung-zum-internationalen-kaufmann-in-london\/"},"wordCount":65,"articleSection":["Unkategorisiert"],"inLanguage":"de-AT"},{"@type":"WebPage","@id":"https:\/\/www.neimcke.de\/neimcke-azubi-macht-fortbildung-zum-internationalen-kaufmann-in-london\/","url":"https:\/\/www.neimcke.de\/neimcke-azubi-macht-fortbildung-zum-internationalen-kaufmann-in-london\/","name":"Neimcke Azubi macht Fortbildung zum Internationalen Kaufmann in London - Neimcke - Weil jedes Teil z\u00e4hlt! Gro\u00dfhandel f\u00fcr Kfz-Ersatzteile, Verschlei\u00dfteile und Werkstatteinrichtung. | Gro\u00dfhandel, Autoteile, Autozubeh\u00f6r, Werkstatteinrichtung","isPartOf":{"@id":"https:\/\/www.neimcke.de\/#website"},"datePublished":"2019-04-03T08:53:25+00:00","author":{"@id":"https:\/\/www.neimcke.de\/#\/schema\/person\/79240196b1c916ccd920eaff33fb5620"},"breadcrumb":{"@id":"https:\/\/www.neimcke.de\/neimcke-azubi-macht-fortbildung-zum-internationalen-kaufmann-in-london\/#breadcrumb"},"inLanguage":"de-AT","potentialAction":[{"@type":"ReadAction","target":["https:\/\/www.neimcke.de\/neimcke-azubi-macht-fortbildung-zum-internationalen-kaufmann-in-london\/"]}]},{"@type":"BreadcrumbList","@id":"https:\/\/www.neimcke.de\/neimcke-azubi-macht-fortbildung-zum-internationalen-kaufmann-in-london\/#breadcrumb","itemListElement":[{"@type":"ListItem","position":1,"name":"Startseite","item":"https:\/\/www.neimcke.de\/at\/www-neimcke-de\/"},{"@type":"ListItem","position":2,"name":"Neimcke Azubi macht Fortbildung zum Internationalen Kaufmann in London"}]},{"@type":"WebSite","@id":"https:\/\/www.neimcke.de\/#website","url":"https:\/\/www.neimcke.de\/","name":"Neimcke - Weil jedes Teil z\u00e4hlt! Gro\u00dfhandel f\u00fcr Kfz-Ersatzteile, Verschlei\u00dfteile und Werkstatteinrichtung. | Gro\u00dfhandel, Autoteile, Autozubeh\u00f6r, Werkstatteinrichtung","description":"Weil jedes Teil z\u00e4hlt! Gro\u00dfhandel f\u00fcr Kfz-Ersatzteile, Verschlei\u00dfteile und Werkstatteinrichtung.","potentialAction":[{"@type":"SearchAction","target":{"@type":"EntryPoint","urlTemplate":"https:\/\/www.neimcke.de\/?s={search_term_string}"},"query-input":{"@type":"PropertyValueSpecification","valueRequired":true,"valueName":"search_term_string"}}],"inLanguage":"de-AT"},{"@type":"Person","@id":"https:\/\/www.neimcke.de\/#\/schema\/person\/79240196b1c916ccd920eaff33fb5620","name":"Thomas Steiner","image":{"@type":"ImageObject","inLanguage":"de-AT","@id":"https:\/\/www.neimcke.de\/#\/schema\/person\/image\/","url":"https:\/\/secure.gravatar.com\/avatar\/86da04914b2ee32923c672eed7095ef34270eac3a3c1951d32152792dd8f4da5?s=96&d=mm&r=g","contentUrl":"https:\/\/secure.gravatar.com\/avatar\/86da04914b2ee32923c672eed7095ef34270eac3a3c1951d32152792dd8f4da5?s=96&d=mm&r=g","caption":"Thomas Steiner"},"url":"https:\/\/www.neimcke.de\/at\/author\/bitminds\/"}]}},"_links":{"self":[{"href":"https:\/\/www.neimcke.de\/at\/wp-json\/wp\/v2\/posts\/4058","targetHints":{"allow":["GET"]}}],"collection":[{"href":"https:\/\/www.neimcke.de\/at\/wp-json\/wp\/v2\/posts"}],"about":[{"href":"https:\/\/www.neimcke.de\/at\/wp-json\/wp\/v2\/types\/post"}],"author":[{"embeddable":true,"href":"https:\/\/www.neimcke.de\/at\/wp-json\/wp\/v2\/users\/9"}],"replies":[{"embeddable":true,"href":"https:\/\/www.neimcke.de\/at\/wp-json\/wp\/v2\/comments?post=4058"}],"version-history":[{"count":1,"href":"https:\/\/www.neimcke.de\/at\/wp-json\/wp\/v2\/posts\/4058\/revisions"}],"predecessor-version":[{"id":4061,"href":"https:\/\/www.neimcke.de\/at\/wp-json\/wp\/v2\/posts\/4058\/revisions\/4061"}],"wp:attachment":[{"href":"https:\/\/www.neimcke.de\/at\/wp-json\/wp\/v2\/media?parent=4058"}],"wp:term":[{"taxonomy":"category","embeddable":true,"href":"https:\/\/www.neimcke.de\/at\/wp-json\/wp\/v2\/categories?post=4058"},{"taxonomy":"post_tag","embeddable":true,"href":"https:\/\/www.neimcke.de\/at\/wp-json\/wp\/v2\/tags?post=4058"}],"curies":[{"name":"wp","href":"https:\/\/api.w.org\/{rel}","templated":true}]}}