{"id":3776,"date":"2019-03-26T11:48:43","date_gmt":"2019-03-26T10:48:43","guid":{"rendered":"https:\/\/www.neimcke.de\/?p=3776"},"modified":"2019-03-26T11:48:43","modified_gmt":"2019-03-26T10:48:43","slug":"neimcke-auf-der-bildungsmesse-2019-in-muehldorf","status":"publish","type":"post","link":"https:\/\/www.neimcke.de\/at\/neimcke-auf-der-bildungsmesse-2019-in-muehldorf\/","title":{"rendered":"NEIMCKE auf der Bildungsmesse 2019 in M\u00fchldorf"},"content":{"rendered":"<p>&#8220;Take your Chance!&#8221; hei\u00dft es auch in diesem Jahr wieder auf der Bildungsmesse 2019 in M\u00fchldorf.<br \/>\nAuch die Firma Neimcke ist am 5. und 6. April 2019 dort vertreten. Besucht uns doch im Messezelt am Stand 170.<br \/>\nWir freuen uns!<\/p>\n","protected":false},"excerpt":{"rendered":"<p>&#8220;Take your Chance!&#8221; hei\u00dft es auch in diesem Jahr wieder auf der Bildungsmesse 2019 in M\u00fchldorf. Auch die Firma Neimcke ist am 5. und 6. April 2019 dort vertreten. Besucht uns doch im Messezelt am Stand 170. Wir freuen uns!<\/p>\n","protected":false},"author":9,"featured_media":0,"comment_status":"closed","ping_status":"closed","sticky":false,"template":"","format":"standard","meta":{"_acf_changed":false,"footnotes":""},"categories":[1],"tags":[],"class_list":["post-3776","post","type-post","status-publish","format-standard","hentry","category-unkategorisiert"],"acf":[],"yoast_head":"<!-- This site is optimized with the Yoast SEO plugin v26.7 - https:\/\/yoast.com\/wordpress\/plugins\/seo\/ -->\n<title>NEIMCKE auf der Bildungsmesse 2019 in M\u00fchldorf - Neimcke - Weil jedes Teil z\u00e4hlt! Gro\u00dfhandel f\u00fcr Kfz-Ersatzteile, Verschlei\u00dfteile und Werkstatteinrichtung. | Gro\u00dfhandel, Autoteile, Autozubeh\u00f6r, Werkstatteinrichtung<\/title>\n<meta name=\"robots\" content=\"index, follow, max-snippet:-1, max-image-preview:large, max-video-preview:-1\" \/>\n<link rel=\"canonical\" href=\"https:\/\/www.neimcke.de\/neimcke-auf-der-bildungsmesse-2019-in-muehldorf\/\" \/>\n<meta property=\"og:locale\" content=\"de_DE\" \/>\n<meta property=\"og:type\" content=\"article\" \/>\n<meta property=\"og:title\" content=\"NEIMCKE auf der Bildungsmesse 2019 in M\u00fchldorf - Neimcke - Weil jedes Teil z\u00e4hlt! Gro\u00dfhandel f\u00fcr Kfz-Ersatzteile, Verschlei\u00dfteile und Werkstatteinrichtung. | Gro\u00dfhandel, Autoteile, Autozubeh\u00f6r, Werkstatteinrichtung\" \/>\n<meta property=\"og:description\" content=\"&#8220;Take your Chance!&#8221; hei\u00dft es auch in diesem Jahr wieder auf der Bildungsmesse 2019 in M\u00fchldorf. Auch die Firma Neimcke ist am 5. und 6. April 2019 dort vertreten. Besucht uns doch im Messezelt am Stand 170. Wir freuen uns!\" \/>\n<meta property=\"og:url\" content=\"https:\/\/www.neimcke.de\/neimcke-auf-der-bildungsmesse-2019-in-muehldorf\/\" \/>\n<meta property=\"og:site_name\" content=\"Neimcke - Weil jedes Teil z\u00e4hlt! Gro\u00dfhandel f\u00fcr Kfz-Ersatzteile, Verschlei\u00dfteile und Werkstatteinrichtung. | Gro\u00dfhandel, Autoteile, Autozubeh\u00f6r, Werkstatteinrichtung\" \/>\n<meta property=\"article:publisher\" content=\"https:\/\/de-de.facebook.com\/Neimcke\/\" \/>\n<meta property=\"article:published_time\" content=\"2019-03-26T10:48:43+00:00\" \/>\n<meta name=\"author\" content=\"Thomas Steiner\" \/>\n<meta name=\"twitter:card\" content=\"summary_large_image\" \/>\n<meta name=\"twitter:creator\" content=\"@neimcke\" \/>\n<meta name=\"twitter:site\" content=\"@neimcke\" \/>\n<meta name=\"twitter:label1\" content=\"Written by\" \/>\n\t<meta name=\"twitter:data1\" content=\"Thomas Steiner\" \/>\n<script type=\"application\/ld+json\" class=\"yoast-schema-graph\">{\"@context\":\"https:\/\/schema.org\",\"@graph\":[{\"@type\":\"Article\",\"@id\":\"https:\/\/www.neimcke.de\/neimcke-auf-der-bildungsmesse-2019-in-muehldorf\/#article\",\"isPartOf\":{\"@id\":\"https:\/\/www.neimcke.de\/neimcke-auf-der-bildungsmesse-2019-in-muehldorf\/\"},\"author\":{\"name\":\"Thomas Steiner\",\"@id\":\"https:\/\/www.neimcke.de\/#\/schema\/person\/79240196b1c916ccd920eaff33fb5620\"},\"headline\":\"NEIMCKE auf der Bildungsmesse 2019 in M\u00fchldorf\",\"datePublished\":\"2019-03-26T10:48:43+00:00\",\"mainEntityOfPage\":{\"@id\":\"https:\/\/www.neimcke.de\/neimcke-auf-der-bildungsmesse-2019-in-muehldorf\/\"},\"wordCount\":44,\"articleSection\":[\"Unkategorisiert\"],\"inLanguage\":\"de-AT\"},{\"@type\":\"WebPage\",\"@id\":\"https:\/\/www.neimcke.de\/neimcke-auf-der-bildungsmesse-2019-in-muehldorf\/\",\"url\":\"https:\/\/www.neimcke.de\/neimcke-auf-der-bildungsmesse-2019-in-muehldorf\/\",\"name\":\"NEIMCKE auf der Bildungsmesse 2019 in M\u00fchldorf - Neimcke - Weil jedes Teil z\u00e4hlt! Gro\u00dfhandel f\u00fcr Kfz-Ersatzteile, Verschlei\u00dfteile und Werkstatteinrichtung. | Gro\u00dfhandel, Autoteile, Autozubeh\u00f6r, Werkstatteinrichtung\",\"isPartOf\":{\"@id\":\"https:\/\/www.neimcke.de\/#website\"},\"datePublished\":\"2019-03-26T10:48:43+00:00\",\"author\":{\"@id\":\"https:\/\/www.neimcke.de\/#\/schema\/person\/79240196b1c916ccd920eaff33fb5620\"},\"breadcrumb\":{\"@id\":\"https:\/\/www.neimcke.de\/neimcke-auf-der-bildungsmesse-2019-in-muehldorf\/#breadcrumb\"},\"inLanguage\":\"de-AT\",\"potentialAction\":[{\"@type\":\"ReadAction\",\"target\":[\"https:\/\/www.neimcke.de\/neimcke-auf-der-bildungsmesse-2019-in-muehldorf\/\"]}]},{\"@type\":\"BreadcrumbList\",\"@id\":\"https:\/\/www.neimcke.de\/neimcke-auf-der-bildungsmesse-2019-in-muehldorf\/#breadcrumb\",\"itemListElement\":[{\"@type\":\"ListItem\",\"position\":1,\"name\":\"Startseite\",\"item\":\"https:\/\/www.neimcke.de\/at\/www-neimcke-de\/\"},{\"@type\":\"ListItem\",\"position\":2,\"name\":\"NEIMCKE auf der Bildungsmesse 2019 in M\u00fchldorf\"}]},{\"@type\":\"WebSite\",\"@id\":\"https:\/\/www.neimcke.de\/#website\",\"url\":\"https:\/\/www.neimcke.de\/\",\"name\":\"Neimcke - Weil jedes Teil z\u00e4hlt! Gro\u00dfhandel f\u00fcr Kfz-Ersatzteile, Verschlei\u00dfteile und Werkstatteinrichtung. | Gro\u00dfhandel, Autoteile, Autozubeh\u00f6r, Werkstatteinrichtung\",\"description\":\"Weil jedes Teil z\u00e4hlt! Gro\u00dfhandel f\u00fcr Kfz-Ersatzteile, Verschlei\u00dfteile und Werkstatteinrichtung.\",\"potentialAction\":[{\"@type\":\"SearchAction\",\"target\":{\"@type\":\"EntryPoint\",\"urlTemplate\":\"https:\/\/www.neimcke.de\/?s={search_term_string}\"},\"query-input\":{\"@type\":\"PropertyValueSpecification\",\"valueRequired\":true,\"valueName\":\"search_term_string\"}}],\"inLanguage\":\"de-AT\"},{\"@type\":\"Person\",\"@id\":\"https:\/\/www.neimcke.de\/#\/schema\/person\/79240196b1c916ccd920eaff33fb5620\",\"name\":\"Thomas Steiner\",\"image\":{\"@type\":\"ImageObject\",\"inLanguage\":\"de-AT\",\"@id\":\"https:\/\/www.neimcke.de\/#\/schema\/person\/image\/\",\"url\":\"https:\/\/secure.gravatar.com\/avatar\/86da04914b2ee32923c672eed7095ef34270eac3a3c1951d32152792dd8f4da5?s=96&d=mm&r=g\",\"contentUrl\":\"https:\/\/secure.gravatar.com\/avatar\/86da04914b2ee32923c672eed7095ef34270eac3a3c1951d32152792dd8f4da5?s=96&d=mm&r=g\",\"caption\":\"Thomas Steiner\"},\"url\":\"https:\/\/www.neimcke.de\/at\/author\/bitminds\/\"}]}<\/script>\n<!-- \/ Yoast SEO plugin. -->","yoast_head_json":{"title":"NEIMCKE auf der Bildungsmesse 2019 in M\u00fchldorf - Neimcke - Weil jedes Teil z\u00e4hlt! Gro\u00dfhandel f\u00fcr Kfz-Ersatzteile, Verschlei\u00dfteile und Werkstatteinrichtung. | Gro\u00dfhandel, Autoteile, Autozubeh\u00f6r, Werkstatteinrichtung","robots":{"index":"index","follow":"follow","max-snippet":"max-snippet:-1","max-image-preview":"max-image-preview:large","max-video-preview":"max-video-preview:-1"},"canonical":"https:\/\/www.neimcke.de\/neimcke-auf-der-bildungsmesse-2019-in-muehldorf\/","og_locale":"de_DE","og_type":"article","og_title":"NEIMCKE auf der Bildungsmesse 2019 in M\u00fchldorf - Neimcke - Weil jedes Teil z\u00e4hlt! Gro\u00dfhandel f\u00fcr Kfz-Ersatzteile, Verschlei\u00dfteile und Werkstatteinrichtung. | Gro\u00dfhandel, Autoteile, Autozubeh\u00f6r, Werkstatteinrichtung","og_description":"&#8220;Take your Chance!&#8221; hei\u00dft es auch in diesem Jahr wieder auf der Bildungsmesse 2019 in M\u00fchldorf. Auch die Firma Neimcke ist am 5. und 6. April 2019 dort vertreten. Besucht uns doch im Messezelt am Stand 170. Wir freuen uns!","og_url":"https:\/\/www.neimcke.de\/neimcke-auf-der-bildungsmesse-2019-in-muehldorf\/","og_site_name":"Neimcke - Weil jedes Teil z\u00e4hlt! Gro\u00dfhandel f\u00fcr Kfz-Ersatzteile, Verschlei\u00dfteile und Werkstatteinrichtung. | Gro\u00dfhandel, Autoteile, Autozubeh\u00f6r, Werkstatteinrichtung","article_publisher":"https:\/\/de-de.facebook.com\/Neimcke\/","article_published_time":"2019-03-26T10:48:43+00:00","author":"Thomas Steiner","twitter_card":"summary_large_image","twitter_creator":"@neimcke","twitter_site":"@neimcke","twitter_misc":{"Written by":"Thomas Steiner"},"schema":{"@context":"https:\/\/schema.org","@graph":[{"@type":"Article","@id":"https:\/\/www.neimcke.de\/neimcke-auf-der-bildungsmesse-2019-in-muehldorf\/#article","isPartOf":{"@id":"https:\/\/www.neimcke.de\/neimcke-auf-der-bildungsmesse-2019-in-muehldorf\/"},"author":{"name":"Thomas Steiner","@id":"https:\/\/www.neimcke.de\/#\/schema\/person\/79240196b1c916ccd920eaff33fb5620"},"headline":"NEIMCKE auf der Bildungsmesse 2019 in M\u00fchldorf","datePublished":"2019-03-26T10:48:43+00:00","mainEntityOfPage":{"@id":"https:\/\/www.neimcke.de\/neimcke-auf-der-bildungsmesse-2019-in-muehldorf\/"},"wordCount":44,"articleSection":["Unkategorisiert"],"inLanguage":"de-AT"},{"@type":"WebPage","@id":"https:\/\/www.neimcke.de\/neimcke-auf-der-bildungsmesse-2019-in-muehldorf\/","url":"https:\/\/www.neimcke.de\/neimcke-auf-der-bildungsmesse-2019-in-muehldorf\/","name":"NEIMCKE auf der Bildungsmesse 2019 in M\u00fchldorf - Neimcke - Weil jedes Teil z\u00e4hlt! Gro\u00dfhandel f\u00fcr Kfz-Ersatzteile, Verschlei\u00dfteile und Werkstatteinrichtung. | Gro\u00dfhandel, Autoteile, Autozubeh\u00f6r, Werkstatteinrichtung","isPartOf":{"@id":"https:\/\/www.neimcke.de\/#website"},"datePublished":"2019-03-26T10:48:43+00:00","author":{"@id":"https:\/\/www.neimcke.de\/#\/schema\/person\/79240196b1c916ccd920eaff33fb5620"},"breadcrumb":{"@id":"https:\/\/www.neimcke.de\/neimcke-auf-der-bildungsmesse-2019-in-muehldorf\/#breadcrumb"},"inLanguage":"de-AT","potentialAction":[{"@type":"ReadAction","target":["https:\/\/www.neimcke.de\/neimcke-auf-der-bildungsmesse-2019-in-muehldorf\/"]}]},{"@type":"BreadcrumbList","@id":"https:\/\/www.neimcke.de\/neimcke-auf-der-bildungsmesse-2019-in-muehldorf\/#breadcrumb","itemListElement":[{"@type":"ListItem","position":1,"name":"Startseite","item":"https:\/\/www.neimcke.de\/at\/www-neimcke-de\/"},{"@type":"ListItem","position":2,"name":"NEIMCKE auf der Bildungsmesse 2019 in M\u00fchldorf"}]},{"@type":"WebSite","@id":"https:\/\/www.neimcke.de\/#website","url":"https:\/\/www.neimcke.de\/","name":"Neimcke - Weil jedes Teil z\u00e4hlt! Gro\u00dfhandel f\u00fcr Kfz-Ersatzteile, Verschlei\u00dfteile und Werkstatteinrichtung. | Gro\u00dfhandel, Autoteile, Autozubeh\u00f6r, Werkstatteinrichtung","description":"Weil jedes Teil z\u00e4hlt! Gro\u00dfhandel f\u00fcr Kfz-Ersatzteile, Verschlei\u00dfteile und Werkstatteinrichtung.","potentialAction":[{"@type":"SearchAction","target":{"@type":"EntryPoint","urlTemplate":"https:\/\/www.neimcke.de\/?s={search_term_string}"},"query-input":{"@type":"PropertyValueSpecification","valueRequired":true,"valueName":"search_term_string"}}],"inLanguage":"de-AT"},{"@type":"Person","@id":"https:\/\/www.neimcke.de\/#\/schema\/person\/79240196b1c916ccd920eaff33fb5620","name":"Thomas Steiner","image":{"@type":"ImageObject","inLanguage":"de-AT","@id":"https:\/\/www.neimcke.de\/#\/schema\/person\/image\/","url":"https:\/\/secure.gravatar.com\/avatar\/86da04914b2ee32923c672eed7095ef34270eac3a3c1951d32152792dd8f4da5?s=96&d=mm&r=g","contentUrl":"https:\/\/secure.gravatar.com\/avatar\/86da04914b2ee32923c672eed7095ef34270eac3a3c1951d32152792dd8f4da5?s=96&d=mm&r=g","caption":"Thomas Steiner"},"url":"https:\/\/www.neimcke.de\/at\/author\/bitminds\/"}]}},"_links":{"self":[{"href":"https:\/\/www.neimcke.de\/at\/wp-json\/wp\/v2\/posts\/3776","targetHints":{"allow":["GET"]}}],"collection":[{"href":"https:\/\/www.neimcke.de\/at\/wp-json\/wp\/v2\/posts"}],"about":[{"href":"https:\/\/www.neimcke.de\/at\/wp-json\/wp\/v2\/types\/post"}],"author":[{"embeddable":true,"href":"https:\/\/www.neimcke.de\/at\/wp-json\/wp\/v2\/users\/9"}],"replies":[{"embeddable":true,"href":"https:\/\/www.neimcke.de\/at\/wp-json\/wp\/v2\/comments?post=3776"}],"version-history":[{"count":2,"href":"https:\/\/www.neimcke.de\/at\/wp-json\/wp\/v2\/posts\/3776\/revisions"}],"predecessor-version":[{"id":3780,"href":"https:\/\/www.neimcke.de\/at\/wp-json\/wp\/v2\/posts\/3776\/revisions\/3780"}],"wp:attachment":[{"href":"https:\/\/www.neimcke.de\/at\/wp-json\/wp\/v2\/media?parent=3776"}],"wp:term":[{"taxonomy":"category","embeddable":true,"href":"https:\/\/www.neimcke.de\/at\/wp-json\/wp\/v2\/categories?post=3776"},{"taxonomy":"post_tag","embeddable":true,"href":"https:\/\/www.neimcke.de\/at\/wp-json\/wp\/v2\/tags?post=3776"}],"curies":[{"name":"wp","href":"https:\/\/api.w.org\/{rel}","templated":true}]}}