{"id":2359,"date":"2018-02-27T09:02:09","date_gmt":"2018-02-27T08:02:09","guid":{"rendered":"https:\/\/www.neimcke.de\/?p=2359"},"modified":"2018-04-26T13:21:02","modified_gmt":"2018-04-26T11:21:02","slug":"girlsday-am-26-04-2018-in-der-neimcke-niederlassung-traunstein","status":"publish","type":"post","link":"https:\/\/www.neimcke.de\/at\/girlsday-am-26-04-2018-in-der-neimcke-niederlassung-traunstein\/","title":{"rendered":"Girlsday am 26.04.2018 in der NEIMCKE Niederlassung Traunstein"},"content":{"rendered":"<p>Am 26.04.2018 war der Girlsday in der NEIMCKE Niederlassung in Traunstein. Magdalena, Antonia, Laura und Franziska informierten sich \u00fcber die Ausbildung bei NEIMCKE.<br \/>\nNach eingehender Information zu diesem Thema und einer Betriebsf\u00fchrung bekamen die M\u00e4dchen Einblick in verschiedene Abteilungen. M\u00e4dels, es hat uns gefreut!<\/p>\n","protected":false},"excerpt":{"rendered":"<p>Am 26.04.2018 war der Girlsday in der NEIMCKE Niederlassung in Traunstein. Magdalena, Antonia, Laura und Franziska informierten sich \u00fcber die Ausbildung bei NEIMCKE. Nach eingehender Information zu diesem Thema und einer Betriebsf\u00fchrung bekamen die M\u00e4dchen Einblick in verschiedene Abteilungen. M\u00e4dels, es hat uns gefreut!<\/p>\n","protected":false},"author":9,"featured_media":0,"comment_status":"closed","ping_status":"closed","sticky":false,"template":"","format":"standard","meta":{"_acf_changed":false,"footnotes":""},"categories":[1],"tags":[],"class_list":["post-2359","post","type-post","status-publish","format-standard","hentry","category-unkategorisiert"],"acf":[],"yoast_head":"<!-- This site is optimized with the Yoast SEO plugin v26.7 - https:\/\/yoast.com\/wordpress\/plugins\/seo\/ -->\n<title>Girlsday am 26.04.2018 in der NEIMCKE Niederlassung Traunstein - Neimcke - Weil jedes Teil z\u00e4hlt! Gro\u00dfhandel f\u00fcr Kfz-Ersatzteile, Verschlei\u00dfteile und Werkstatteinrichtung. | Gro\u00dfhandel, Autoteile, Autozubeh\u00f6r, Werkstatteinrichtung<\/title>\n<meta name=\"robots\" content=\"index, follow, max-snippet:-1, max-image-preview:large, max-video-preview:-1\" \/>\n<link rel=\"canonical\" href=\"https:\/\/www.neimcke.de\/girlsday-am-26-04-2018-in-der-neimcke-niederlassung-traunstein\/\" \/>\n<meta property=\"og:locale\" content=\"de_DE\" \/>\n<meta property=\"og:type\" content=\"article\" \/>\n<meta property=\"og:title\" content=\"Girlsday am 26.04.2018 in der NEIMCKE Niederlassung Traunstein - Neimcke - Weil jedes Teil z\u00e4hlt! Gro\u00dfhandel f\u00fcr Kfz-Ersatzteile, Verschlei\u00dfteile und Werkstatteinrichtung. | Gro\u00dfhandel, Autoteile, Autozubeh\u00f6r, Werkstatteinrichtung\" \/>\n<meta property=\"og:description\" content=\"Am 26.04.2018 war der Girlsday in der NEIMCKE Niederlassung in Traunstein. Magdalena, Antonia, Laura und Franziska informierten sich \u00fcber die Ausbildung bei NEIMCKE. Nach eingehender Information zu diesem Thema und einer Betriebsf\u00fchrung bekamen die M\u00e4dchen Einblick in verschiedene Abteilungen. M\u00e4dels, es hat uns gefreut!\" \/>\n<meta property=\"og:url\" content=\"https:\/\/www.neimcke.de\/girlsday-am-26-04-2018-in-der-neimcke-niederlassung-traunstein\/\" \/>\n<meta property=\"og:site_name\" content=\"Neimcke - Weil jedes Teil z\u00e4hlt! Gro\u00dfhandel f\u00fcr Kfz-Ersatzteile, Verschlei\u00dfteile und Werkstatteinrichtung. | Gro\u00dfhandel, Autoteile, Autozubeh\u00f6r, Werkstatteinrichtung\" \/>\n<meta property=\"article:publisher\" content=\"https:\/\/de-de.facebook.com\/Neimcke\/\" \/>\n<meta property=\"article:published_time\" content=\"2018-02-27T08:02:09+00:00\" \/>\n<meta property=\"article:modified_time\" content=\"2018-04-26T11:21:02+00:00\" \/>\n<meta name=\"author\" content=\"Thomas Steiner\" \/>\n<meta name=\"twitter:card\" content=\"summary_large_image\" \/>\n<meta name=\"twitter:creator\" content=\"@neimcke\" \/>\n<meta name=\"twitter:site\" content=\"@neimcke\" \/>\n<meta name=\"twitter:label1\" content=\"Written by\" \/>\n\t<meta name=\"twitter:data1\" content=\"Thomas Steiner\" \/>\n<script type=\"application\/ld+json\" class=\"yoast-schema-graph\">{\"@context\":\"https:\/\/schema.org\",\"@graph\":[{\"@type\":\"Article\",\"@id\":\"https:\/\/www.neimcke.de\/girlsday-am-26-04-2018-in-der-neimcke-niederlassung-traunstein\/#article\",\"isPartOf\":{\"@id\":\"https:\/\/www.neimcke.de\/girlsday-am-26-04-2018-in-der-neimcke-niederlassung-traunstein\/\"},\"author\":{\"name\":\"Thomas Steiner\",\"@id\":\"https:\/\/www.neimcke.de\/#\/schema\/person\/79240196b1c916ccd920eaff33fb5620\"},\"headline\":\"Girlsday am 26.04.2018 in der NEIMCKE Niederlassung Traunstein\",\"datePublished\":\"2018-02-27T08:02:09+00:00\",\"dateModified\":\"2018-04-26T11:21:02+00:00\",\"mainEntityOfPage\":{\"@id\":\"https:\/\/www.neimcke.de\/girlsday-am-26-04-2018-in-der-neimcke-niederlassung-traunstein\/\"},\"wordCount\":53,\"articleSection\":[\"Unkategorisiert\"],\"inLanguage\":\"de-AT\"},{\"@type\":\"WebPage\",\"@id\":\"https:\/\/www.neimcke.de\/girlsday-am-26-04-2018-in-der-neimcke-niederlassung-traunstein\/\",\"url\":\"https:\/\/www.neimcke.de\/girlsday-am-26-04-2018-in-der-neimcke-niederlassung-traunstein\/\",\"name\":\"Girlsday am 26.04.2018 in der NEIMCKE Niederlassung Traunstein - Neimcke - Weil jedes Teil z\u00e4hlt! Gro\u00dfhandel f\u00fcr Kfz-Ersatzteile, Verschlei\u00dfteile und Werkstatteinrichtung. | Gro\u00dfhandel, Autoteile, Autozubeh\u00f6r, Werkstatteinrichtung\",\"isPartOf\":{\"@id\":\"https:\/\/www.neimcke.de\/#website\"},\"datePublished\":\"2018-02-27T08:02:09+00:00\",\"dateModified\":\"2018-04-26T11:21:02+00:00\",\"author\":{\"@id\":\"https:\/\/www.neimcke.de\/#\/schema\/person\/79240196b1c916ccd920eaff33fb5620\"},\"breadcrumb\":{\"@id\":\"https:\/\/www.neimcke.de\/girlsday-am-26-04-2018-in-der-neimcke-niederlassung-traunstein\/#breadcrumb\"},\"inLanguage\":\"de-AT\",\"potentialAction\":[{\"@type\":\"ReadAction\",\"target\":[\"https:\/\/www.neimcke.de\/girlsday-am-26-04-2018-in-der-neimcke-niederlassung-traunstein\/\"]}]},{\"@type\":\"BreadcrumbList\",\"@id\":\"https:\/\/www.neimcke.de\/girlsday-am-26-04-2018-in-der-neimcke-niederlassung-traunstein\/#breadcrumb\",\"itemListElement\":[{\"@type\":\"ListItem\",\"position\":1,\"name\":\"Startseite\",\"item\":\"https:\/\/www.neimcke.de\/at\/www-neimcke-de\/\"},{\"@type\":\"ListItem\",\"position\":2,\"name\":\"Girlsday am 26.04.2018 in der NEIMCKE Niederlassung Traunstein\"}]},{\"@type\":\"WebSite\",\"@id\":\"https:\/\/www.neimcke.de\/#website\",\"url\":\"https:\/\/www.neimcke.de\/\",\"name\":\"Neimcke - Weil jedes Teil z\u00e4hlt! Gro\u00dfhandel f\u00fcr Kfz-Ersatzteile, Verschlei\u00dfteile und Werkstatteinrichtung. | Gro\u00dfhandel, Autoteile, Autozubeh\u00f6r, Werkstatteinrichtung\",\"description\":\"Weil jedes Teil z\u00e4hlt! Gro\u00dfhandel f\u00fcr Kfz-Ersatzteile, Verschlei\u00dfteile und Werkstatteinrichtung.\",\"potentialAction\":[{\"@type\":\"SearchAction\",\"target\":{\"@type\":\"EntryPoint\",\"urlTemplate\":\"https:\/\/www.neimcke.de\/?s={search_term_string}\"},\"query-input\":{\"@type\":\"PropertyValueSpecification\",\"valueRequired\":true,\"valueName\":\"search_term_string\"}}],\"inLanguage\":\"de-AT\"},{\"@type\":\"Person\",\"@id\":\"https:\/\/www.neimcke.de\/#\/schema\/person\/79240196b1c916ccd920eaff33fb5620\",\"name\":\"Thomas Steiner\",\"image\":{\"@type\":\"ImageObject\",\"inLanguage\":\"de-AT\",\"@id\":\"https:\/\/www.neimcke.de\/#\/schema\/person\/image\/\",\"url\":\"https:\/\/secure.gravatar.com\/avatar\/86da04914b2ee32923c672eed7095ef34270eac3a3c1951d32152792dd8f4da5?s=96&d=mm&r=g\",\"contentUrl\":\"https:\/\/secure.gravatar.com\/avatar\/86da04914b2ee32923c672eed7095ef34270eac3a3c1951d32152792dd8f4da5?s=96&d=mm&r=g\",\"caption\":\"Thomas Steiner\"},\"url\":\"https:\/\/www.neimcke.de\/at\/author\/bitminds\/\"}]}<\/script>\n<!-- \/ Yoast SEO plugin. -->","yoast_head_json":{"title":"Girlsday am 26.04.2018 in der NEIMCKE Niederlassung Traunstein - Neimcke - Weil jedes Teil z\u00e4hlt! Gro\u00dfhandel f\u00fcr Kfz-Ersatzteile, Verschlei\u00dfteile und Werkstatteinrichtung. | Gro\u00dfhandel, Autoteile, Autozubeh\u00f6r, Werkstatteinrichtung","robots":{"index":"index","follow":"follow","max-snippet":"max-snippet:-1","max-image-preview":"max-image-preview:large","max-video-preview":"max-video-preview:-1"},"canonical":"https:\/\/www.neimcke.de\/girlsday-am-26-04-2018-in-der-neimcke-niederlassung-traunstein\/","og_locale":"de_DE","og_type":"article","og_title":"Girlsday am 26.04.2018 in der NEIMCKE Niederlassung Traunstein - Neimcke - Weil jedes Teil z\u00e4hlt! Gro\u00dfhandel f\u00fcr Kfz-Ersatzteile, Verschlei\u00dfteile und Werkstatteinrichtung. | Gro\u00dfhandel, Autoteile, Autozubeh\u00f6r, Werkstatteinrichtung","og_description":"Am 26.04.2018 war der Girlsday in der NEIMCKE Niederlassung in Traunstein. Magdalena, Antonia, Laura und Franziska informierten sich \u00fcber die Ausbildung bei NEIMCKE. Nach eingehender Information zu diesem Thema und einer Betriebsf\u00fchrung bekamen die M\u00e4dchen Einblick in verschiedene Abteilungen. M\u00e4dels, es hat uns gefreut!","og_url":"https:\/\/www.neimcke.de\/girlsday-am-26-04-2018-in-der-neimcke-niederlassung-traunstein\/","og_site_name":"Neimcke - Weil jedes Teil z\u00e4hlt! Gro\u00dfhandel f\u00fcr Kfz-Ersatzteile, Verschlei\u00dfteile und Werkstatteinrichtung. | Gro\u00dfhandel, Autoteile, Autozubeh\u00f6r, Werkstatteinrichtung","article_publisher":"https:\/\/de-de.facebook.com\/Neimcke\/","article_published_time":"2018-02-27T08:02:09+00:00","article_modified_time":"2018-04-26T11:21:02+00:00","author":"Thomas Steiner","twitter_card":"summary_large_image","twitter_creator":"@neimcke","twitter_site":"@neimcke","twitter_misc":{"Written by":"Thomas Steiner"},"schema":{"@context":"https:\/\/schema.org","@graph":[{"@type":"Article","@id":"https:\/\/www.neimcke.de\/girlsday-am-26-04-2018-in-der-neimcke-niederlassung-traunstein\/#article","isPartOf":{"@id":"https:\/\/www.neimcke.de\/girlsday-am-26-04-2018-in-der-neimcke-niederlassung-traunstein\/"},"author":{"name":"Thomas Steiner","@id":"https:\/\/www.neimcke.de\/#\/schema\/person\/79240196b1c916ccd920eaff33fb5620"},"headline":"Girlsday am 26.04.2018 in der NEIMCKE Niederlassung Traunstein","datePublished":"2018-02-27T08:02:09+00:00","dateModified":"2018-04-26T11:21:02+00:00","mainEntityOfPage":{"@id":"https:\/\/www.neimcke.de\/girlsday-am-26-04-2018-in-der-neimcke-niederlassung-traunstein\/"},"wordCount":53,"articleSection":["Unkategorisiert"],"inLanguage":"de-AT"},{"@type":"WebPage","@id":"https:\/\/www.neimcke.de\/girlsday-am-26-04-2018-in-der-neimcke-niederlassung-traunstein\/","url":"https:\/\/www.neimcke.de\/girlsday-am-26-04-2018-in-der-neimcke-niederlassung-traunstein\/","name":"Girlsday am 26.04.2018 in der NEIMCKE Niederlassung Traunstein - Neimcke - Weil jedes Teil z\u00e4hlt! Gro\u00dfhandel f\u00fcr Kfz-Ersatzteile, Verschlei\u00dfteile und Werkstatteinrichtung. | Gro\u00dfhandel, Autoteile, Autozubeh\u00f6r, Werkstatteinrichtung","isPartOf":{"@id":"https:\/\/www.neimcke.de\/#website"},"datePublished":"2018-02-27T08:02:09+00:00","dateModified":"2018-04-26T11:21:02+00:00","author":{"@id":"https:\/\/www.neimcke.de\/#\/schema\/person\/79240196b1c916ccd920eaff33fb5620"},"breadcrumb":{"@id":"https:\/\/www.neimcke.de\/girlsday-am-26-04-2018-in-der-neimcke-niederlassung-traunstein\/#breadcrumb"},"inLanguage":"de-AT","potentialAction":[{"@type":"ReadAction","target":["https:\/\/www.neimcke.de\/girlsday-am-26-04-2018-in-der-neimcke-niederlassung-traunstein\/"]}]},{"@type":"BreadcrumbList","@id":"https:\/\/www.neimcke.de\/girlsday-am-26-04-2018-in-der-neimcke-niederlassung-traunstein\/#breadcrumb","itemListElement":[{"@type":"ListItem","position":1,"name":"Startseite","item":"https:\/\/www.neimcke.de\/at\/www-neimcke-de\/"},{"@type":"ListItem","position":2,"name":"Girlsday am 26.04.2018 in der NEIMCKE Niederlassung Traunstein"}]},{"@type":"WebSite","@id":"https:\/\/www.neimcke.de\/#website","url":"https:\/\/www.neimcke.de\/","name":"Neimcke - Weil jedes Teil z\u00e4hlt! Gro\u00dfhandel f\u00fcr Kfz-Ersatzteile, Verschlei\u00dfteile und Werkstatteinrichtung. | Gro\u00dfhandel, Autoteile, Autozubeh\u00f6r, Werkstatteinrichtung","description":"Weil jedes Teil z\u00e4hlt! Gro\u00dfhandel f\u00fcr Kfz-Ersatzteile, Verschlei\u00dfteile und Werkstatteinrichtung.","potentialAction":[{"@type":"SearchAction","target":{"@type":"EntryPoint","urlTemplate":"https:\/\/www.neimcke.de\/?s={search_term_string}"},"query-input":{"@type":"PropertyValueSpecification","valueRequired":true,"valueName":"search_term_string"}}],"inLanguage":"de-AT"},{"@type":"Person","@id":"https:\/\/www.neimcke.de\/#\/schema\/person\/79240196b1c916ccd920eaff33fb5620","name":"Thomas Steiner","image":{"@type":"ImageObject","inLanguage":"de-AT","@id":"https:\/\/www.neimcke.de\/#\/schema\/person\/image\/","url":"https:\/\/secure.gravatar.com\/avatar\/86da04914b2ee32923c672eed7095ef34270eac3a3c1951d32152792dd8f4da5?s=96&d=mm&r=g","contentUrl":"https:\/\/secure.gravatar.com\/avatar\/86da04914b2ee32923c672eed7095ef34270eac3a3c1951d32152792dd8f4da5?s=96&d=mm&r=g","caption":"Thomas Steiner"},"url":"https:\/\/www.neimcke.de\/at\/author\/bitminds\/"}]}},"_links":{"self":[{"href":"https:\/\/www.neimcke.de\/at\/wp-json\/wp\/v2\/posts\/2359","targetHints":{"allow":["GET"]}}],"collection":[{"href":"https:\/\/www.neimcke.de\/at\/wp-json\/wp\/v2\/posts"}],"about":[{"href":"https:\/\/www.neimcke.de\/at\/wp-json\/wp\/v2\/types\/post"}],"author":[{"embeddable":true,"href":"https:\/\/www.neimcke.de\/at\/wp-json\/wp\/v2\/users\/9"}],"replies":[{"embeddable":true,"href":"https:\/\/www.neimcke.de\/at\/wp-json\/wp\/v2\/comments?post=2359"}],"version-history":[{"count":5,"href":"https:\/\/www.neimcke.de\/at\/wp-json\/wp\/v2\/posts\/2359\/revisions"}],"predecessor-version":[{"id":2484,"href":"https:\/\/www.neimcke.de\/at\/wp-json\/wp\/v2\/posts\/2359\/revisions\/2484"}],"wp:attachment":[{"href":"https:\/\/www.neimcke.de\/at\/wp-json\/wp\/v2\/media?parent=2359"}],"wp:term":[{"taxonomy":"category","embeddable":true,"href":"https:\/\/www.neimcke.de\/at\/wp-json\/wp\/v2\/categories?post=2359"},{"taxonomy":"post_tag","embeddable":true,"href":"https:\/\/www.neimcke.de\/at\/wp-json\/wp\/v2\/tags?post=2359"}],"curies":[{"name":"wp","href":"https:\/\/api.w.org\/{rel}","templated":true}]}}