{"id":2188,"date":"2017-10-26T09:32:37","date_gmt":"2017-10-26T07:32:37","guid":{"rendered":"https:\/\/www.neimcke.de\/?p=2188"},"modified":"2017-10-26T09:36:37","modified_gmt":"2017-10-26T07:36:37","slug":"neimcke-jubilare-2017","status":"publish","type":"post","link":"https:\/\/www.neimcke.de\/at\/neimcke-jubilare-2017\/","title":{"rendered":"NEIMCKE Jubilare 2017"},"content":{"rendered":"<p>Die Firma Neimcke GmbH &amp; Co. KG ehrte im September bei einem gemeinsamen Essen alle Jubilare des Jahres 2017. Gesch\u00e4ftsf\u00fchrer J\u00f6rg Neimcke blickt zusammen mit seinen langj\u00e4hrigen Mitarbeitern auf eine erfolgreiche Vergangenheit zur\u00fcck.<\/p>\n<p><strong>hintere Reihe:<\/strong>\u00a0 Christian P\u00f6schmann (25 Jahre), Anger Rudolf (20 Jahre), Thomas Voderhuber (25 Jahre), Klaus K\u00f6hler (40 Jahre), Johann Fischer (30 Jahre), Gesch\u00e4ftsf\u00fchrer J\u00f6rg Neimcke, Christian Mayerhofer (20 Jahre)<\/p>\n<p><strong>vordere Reihe: <\/strong>Benjamin Bliemhuber (10 Jahre), G\u00fcnter Wallner (20 Jahre), Joachim Lamm (10 Jahre), Manfred Macik (45 Jahre)<\/p>\n<p>Nicht anwesend waren bei einer Betriebszugeh\u00f6rigkeit von <strong>10 Jahren<\/strong>: Christian Boschner, Alexander Hofmann, Martin Georg Herzinger, Sabine Mayer <strong>20 Jahren:<\/strong> Georg Heigenmoser, Peter Ober <strong>25 Jahren:<\/strong> Anton Holzmayr <strong>35 Jahren<\/strong>: Martin Holesch, Alfred Huber <strong>45 Jahren:<\/strong> Bernd Wellner<\/p>\n","protected":false},"excerpt":{"rendered":"<p>Die Firma Neimcke GmbH &amp; Co. KG ehrte im September bei einem gemeinsamen Essen alle Jubilare des Jahres 2017. Gesch\u00e4ftsf\u00fchrer J\u00f6rg Neimcke blickt zusammen mit seinen langj\u00e4hrigen Mitarbeitern auf eine erfolgreiche Vergangenheit zur\u00fcck. hintere Reihe:\u00a0 Christian P\u00f6schmann (25 Jahre), Anger Rudolf (20 Jahre), Thomas Voderhuber (25 Jahre), Klaus K\u00f6hler (40 Jahre), Johann Fischer (30 Jahre),&nbsp; <a href=\"https:\/\/www.neimcke.de\/at\/neimcke-jubilare-2017\/\">&hellip; Read more <i class=\"fa fa-arrow-right\"><\/i><\/a><\/p>\n","protected":false},"author":9,"featured_media":0,"comment_status":"open","ping_status":"open","sticky":false,"template":"","format":"standard","meta":{"_acf_changed":false,"footnotes":""},"categories":[1],"tags":[],"class_list":["post-2188","post","type-post","status-publish","format-standard","hentry","category-unkategorisiert"],"acf":[],"yoast_head":"<!-- This site is optimized with the Yoast SEO plugin v26.7 - https:\/\/yoast.com\/wordpress\/plugins\/seo\/ -->\n<title>NEIMCKE Jubilare 2017 - Neimcke - Weil jedes Teil z\u00e4hlt! Gro\u00dfhandel f\u00fcr Kfz-Ersatzteile, Verschlei\u00dfteile und Werkstatteinrichtung. | Gro\u00dfhandel, Autoteile, Autozubeh\u00f6r, Werkstatteinrichtung<\/title>\n<meta name=\"robots\" content=\"index, follow, max-snippet:-1, max-image-preview:large, max-video-preview:-1\" \/>\n<link rel=\"canonical\" href=\"https:\/\/www.neimcke.de\/neimcke-jubilare-2017\/\" \/>\n<meta property=\"og:locale\" content=\"de_DE\" \/>\n<meta property=\"og:type\" content=\"article\" \/>\n<meta property=\"og:title\" content=\"NEIMCKE Jubilare 2017 - Neimcke - Weil jedes Teil z\u00e4hlt! Gro\u00dfhandel f\u00fcr Kfz-Ersatzteile, Verschlei\u00dfteile und Werkstatteinrichtung. | Gro\u00dfhandel, Autoteile, Autozubeh\u00f6r, Werkstatteinrichtung\" \/>\n<meta property=\"og:description\" content=\"Die Firma Neimcke GmbH &amp; Co. KG ehrte im September bei einem gemeinsamen Essen alle Jubilare des Jahres 2017. Gesch\u00e4ftsf\u00fchrer J\u00f6rg Neimcke blickt zusammen mit seinen langj\u00e4hrigen Mitarbeitern auf eine erfolgreiche Vergangenheit zur\u00fcck. hintere Reihe:\u00a0 Christian P\u00f6schmann (25 Jahre), Anger Rudolf (20 Jahre), Thomas Voderhuber (25 Jahre), Klaus K\u00f6hler (40 Jahre), Johann Fischer (30 Jahre),&nbsp; &hellip; Read more\" \/>\n<meta property=\"og:url\" content=\"https:\/\/www.neimcke.de\/neimcke-jubilare-2017\/\" \/>\n<meta property=\"og:site_name\" content=\"Neimcke - Weil jedes Teil z\u00e4hlt! Gro\u00dfhandel f\u00fcr Kfz-Ersatzteile, Verschlei\u00dfteile und Werkstatteinrichtung. | Gro\u00dfhandel, Autoteile, Autozubeh\u00f6r, Werkstatteinrichtung\" \/>\n<meta property=\"article:publisher\" content=\"https:\/\/de-de.facebook.com\/Neimcke\/\" \/>\n<meta property=\"article:published_time\" content=\"2017-10-26T07:32:37+00:00\" \/>\n<meta property=\"article:modified_time\" content=\"2017-10-26T07:36:37+00:00\" \/>\n<meta name=\"author\" content=\"Thomas Steiner\" \/>\n<meta name=\"twitter:card\" content=\"summary_large_image\" \/>\n<meta name=\"twitter:creator\" content=\"@neimcke\" \/>\n<meta name=\"twitter:site\" content=\"@neimcke\" \/>\n<meta name=\"twitter:label1\" content=\"Written by\" \/>\n\t<meta name=\"twitter:data1\" content=\"Thomas Steiner\" \/>\n\t<meta name=\"twitter:label2\" content=\"Est. reading time\" \/>\n\t<meta name=\"twitter:data2\" content=\"1 minute\" \/>\n<script type=\"application\/ld+json\" class=\"yoast-schema-graph\">{\"@context\":\"https:\/\/schema.org\",\"@graph\":[{\"@type\":\"Article\",\"@id\":\"https:\/\/www.neimcke.de\/neimcke-jubilare-2017\/#article\",\"isPartOf\":{\"@id\":\"https:\/\/www.neimcke.de\/neimcke-jubilare-2017\/\"},\"author\":{\"name\":\"Thomas Steiner\",\"@id\":\"https:\/\/www.neimcke.de\/#\/schema\/person\/79240196b1c916ccd920eaff33fb5620\"},\"headline\":\"NEIMCKE Jubilare 2017\",\"datePublished\":\"2017-10-26T07:32:37+00:00\",\"dateModified\":\"2017-10-26T07:36:37+00:00\",\"mainEntityOfPage\":{\"@id\":\"https:\/\/www.neimcke.de\/neimcke-jubilare-2017\/\"},\"wordCount\":116,\"commentCount\":0,\"articleSection\":[\"Unkategorisiert\"],\"inLanguage\":\"de-AT\"},{\"@type\":\"WebPage\",\"@id\":\"https:\/\/www.neimcke.de\/neimcke-jubilare-2017\/\",\"url\":\"https:\/\/www.neimcke.de\/neimcke-jubilare-2017\/\",\"name\":\"NEIMCKE Jubilare 2017 - Neimcke - Weil jedes Teil z\u00e4hlt! Gro\u00dfhandel f\u00fcr Kfz-Ersatzteile, Verschlei\u00dfteile und Werkstatteinrichtung. | Gro\u00dfhandel, Autoteile, Autozubeh\u00f6r, Werkstatteinrichtung\",\"isPartOf\":{\"@id\":\"https:\/\/www.neimcke.de\/#website\"},\"datePublished\":\"2017-10-26T07:32:37+00:00\",\"dateModified\":\"2017-10-26T07:36:37+00:00\",\"author\":{\"@id\":\"https:\/\/www.neimcke.de\/#\/schema\/person\/79240196b1c916ccd920eaff33fb5620\"},\"breadcrumb\":{\"@id\":\"https:\/\/www.neimcke.de\/neimcke-jubilare-2017\/#breadcrumb\"},\"inLanguage\":\"de-AT\",\"potentialAction\":[{\"@type\":\"ReadAction\",\"target\":[\"https:\/\/www.neimcke.de\/neimcke-jubilare-2017\/\"]}]},{\"@type\":\"BreadcrumbList\",\"@id\":\"https:\/\/www.neimcke.de\/neimcke-jubilare-2017\/#breadcrumb\",\"itemListElement\":[{\"@type\":\"ListItem\",\"position\":1,\"name\":\"Startseite\",\"item\":\"https:\/\/www.neimcke.de\/at\/www-neimcke-de\/\"},{\"@type\":\"ListItem\",\"position\":2,\"name\":\"NEIMCKE Jubilare 2017\"}]},{\"@type\":\"WebSite\",\"@id\":\"https:\/\/www.neimcke.de\/#website\",\"url\":\"https:\/\/www.neimcke.de\/\",\"name\":\"Neimcke - Weil jedes Teil z\u00e4hlt! Gro\u00dfhandel f\u00fcr Kfz-Ersatzteile, Verschlei\u00dfteile und Werkstatteinrichtung. | Gro\u00dfhandel, Autoteile, Autozubeh\u00f6r, Werkstatteinrichtung\",\"description\":\"Weil jedes Teil z\u00e4hlt! Gro\u00dfhandel f\u00fcr Kfz-Ersatzteile, Verschlei\u00dfteile und Werkstatteinrichtung.\",\"potentialAction\":[{\"@type\":\"SearchAction\",\"target\":{\"@type\":\"EntryPoint\",\"urlTemplate\":\"https:\/\/www.neimcke.de\/?s={search_term_string}\"},\"query-input\":{\"@type\":\"PropertyValueSpecification\",\"valueRequired\":true,\"valueName\":\"search_term_string\"}}],\"inLanguage\":\"de-AT\"},{\"@type\":\"Person\",\"@id\":\"https:\/\/www.neimcke.de\/#\/schema\/person\/79240196b1c916ccd920eaff33fb5620\",\"name\":\"Thomas Steiner\",\"image\":{\"@type\":\"ImageObject\",\"inLanguage\":\"de-AT\",\"@id\":\"https:\/\/www.neimcke.de\/#\/schema\/person\/image\/\",\"url\":\"https:\/\/secure.gravatar.com\/avatar\/86da04914b2ee32923c672eed7095ef34270eac3a3c1951d32152792dd8f4da5?s=96&d=mm&r=g\",\"contentUrl\":\"https:\/\/secure.gravatar.com\/avatar\/86da04914b2ee32923c672eed7095ef34270eac3a3c1951d32152792dd8f4da5?s=96&d=mm&r=g\",\"caption\":\"Thomas Steiner\"},\"url\":\"https:\/\/www.neimcke.de\/at\/author\/bitminds\/\"}]}<\/script>\n<!-- \/ Yoast SEO plugin. -->","yoast_head_json":{"title":"NEIMCKE Jubilare 2017 - Neimcke - Weil jedes Teil z\u00e4hlt! Gro\u00dfhandel f\u00fcr Kfz-Ersatzteile, Verschlei\u00dfteile und Werkstatteinrichtung. | Gro\u00dfhandel, Autoteile, Autozubeh\u00f6r, Werkstatteinrichtung","robots":{"index":"index","follow":"follow","max-snippet":"max-snippet:-1","max-image-preview":"max-image-preview:large","max-video-preview":"max-video-preview:-1"},"canonical":"https:\/\/www.neimcke.de\/neimcke-jubilare-2017\/","og_locale":"de_DE","og_type":"article","og_title":"NEIMCKE Jubilare 2017 - Neimcke - Weil jedes Teil z\u00e4hlt! Gro\u00dfhandel f\u00fcr Kfz-Ersatzteile, Verschlei\u00dfteile und Werkstatteinrichtung. | Gro\u00dfhandel, Autoteile, Autozubeh\u00f6r, Werkstatteinrichtung","og_description":"Die Firma Neimcke GmbH &amp; Co. KG ehrte im September bei einem gemeinsamen Essen alle Jubilare des Jahres 2017. Gesch\u00e4ftsf\u00fchrer J\u00f6rg Neimcke blickt zusammen mit seinen langj\u00e4hrigen Mitarbeitern auf eine erfolgreiche Vergangenheit zur\u00fcck. hintere Reihe:\u00a0 Christian P\u00f6schmann (25 Jahre), Anger Rudolf (20 Jahre), Thomas Voderhuber (25 Jahre), Klaus K\u00f6hler (40 Jahre), Johann Fischer (30 Jahre),&nbsp; &hellip; Read more","og_url":"https:\/\/www.neimcke.de\/neimcke-jubilare-2017\/","og_site_name":"Neimcke - Weil jedes Teil z\u00e4hlt! Gro\u00dfhandel f\u00fcr Kfz-Ersatzteile, Verschlei\u00dfteile und Werkstatteinrichtung. | Gro\u00dfhandel, Autoteile, Autozubeh\u00f6r, Werkstatteinrichtung","article_publisher":"https:\/\/de-de.facebook.com\/Neimcke\/","article_published_time":"2017-10-26T07:32:37+00:00","article_modified_time":"2017-10-26T07:36:37+00:00","author":"Thomas Steiner","twitter_card":"summary_large_image","twitter_creator":"@neimcke","twitter_site":"@neimcke","twitter_misc":{"Written by":"Thomas Steiner","Est. reading time":"1 minute"},"schema":{"@context":"https:\/\/schema.org","@graph":[{"@type":"Article","@id":"https:\/\/www.neimcke.de\/neimcke-jubilare-2017\/#article","isPartOf":{"@id":"https:\/\/www.neimcke.de\/neimcke-jubilare-2017\/"},"author":{"name":"Thomas Steiner","@id":"https:\/\/www.neimcke.de\/#\/schema\/person\/79240196b1c916ccd920eaff33fb5620"},"headline":"NEIMCKE Jubilare 2017","datePublished":"2017-10-26T07:32:37+00:00","dateModified":"2017-10-26T07:36:37+00:00","mainEntityOfPage":{"@id":"https:\/\/www.neimcke.de\/neimcke-jubilare-2017\/"},"wordCount":116,"commentCount":0,"articleSection":["Unkategorisiert"],"inLanguage":"de-AT"},{"@type":"WebPage","@id":"https:\/\/www.neimcke.de\/neimcke-jubilare-2017\/","url":"https:\/\/www.neimcke.de\/neimcke-jubilare-2017\/","name":"NEIMCKE Jubilare 2017 - Neimcke - Weil jedes Teil z\u00e4hlt! Gro\u00dfhandel f\u00fcr Kfz-Ersatzteile, Verschlei\u00dfteile und Werkstatteinrichtung. | Gro\u00dfhandel, Autoteile, Autozubeh\u00f6r, Werkstatteinrichtung","isPartOf":{"@id":"https:\/\/www.neimcke.de\/#website"},"datePublished":"2017-10-26T07:32:37+00:00","dateModified":"2017-10-26T07:36:37+00:00","author":{"@id":"https:\/\/www.neimcke.de\/#\/schema\/person\/79240196b1c916ccd920eaff33fb5620"},"breadcrumb":{"@id":"https:\/\/www.neimcke.de\/neimcke-jubilare-2017\/#breadcrumb"},"inLanguage":"de-AT","potentialAction":[{"@type":"ReadAction","target":["https:\/\/www.neimcke.de\/neimcke-jubilare-2017\/"]}]},{"@type":"BreadcrumbList","@id":"https:\/\/www.neimcke.de\/neimcke-jubilare-2017\/#breadcrumb","itemListElement":[{"@type":"ListItem","position":1,"name":"Startseite","item":"https:\/\/www.neimcke.de\/at\/www-neimcke-de\/"},{"@type":"ListItem","position":2,"name":"NEIMCKE Jubilare 2017"}]},{"@type":"WebSite","@id":"https:\/\/www.neimcke.de\/#website","url":"https:\/\/www.neimcke.de\/","name":"Neimcke - Weil jedes Teil z\u00e4hlt! Gro\u00dfhandel f\u00fcr Kfz-Ersatzteile, Verschlei\u00dfteile und Werkstatteinrichtung. | Gro\u00dfhandel, Autoteile, Autozubeh\u00f6r, Werkstatteinrichtung","description":"Weil jedes Teil z\u00e4hlt! Gro\u00dfhandel f\u00fcr Kfz-Ersatzteile, Verschlei\u00dfteile und Werkstatteinrichtung.","potentialAction":[{"@type":"SearchAction","target":{"@type":"EntryPoint","urlTemplate":"https:\/\/www.neimcke.de\/?s={search_term_string}"},"query-input":{"@type":"PropertyValueSpecification","valueRequired":true,"valueName":"search_term_string"}}],"inLanguage":"de-AT"},{"@type":"Person","@id":"https:\/\/www.neimcke.de\/#\/schema\/person\/79240196b1c916ccd920eaff33fb5620","name":"Thomas Steiner","image":{"@type":"ImageObject","inLanguage":"de-AT","@id":"https:\/\/www.neimcke.de\/#\/schema\/person\/image\/","url":"https:\/\/secure.gravatar.com\/avatar\/86da04914b2ee32923c672eed7095ef34270eac3a3c1951d32152792dd8f4da5?s=96&d=mm&r=g","contentUrl":"https:\/\/secure.gravatar.com\/avatar\/86da04914b2ee32923c672eed7095ef34270eac3a3c1951d32152792dd8f4da5?s=96&d=mm&r=g","caption":"Thomas Steiner"},"url":"https:\/\/www.neimcke.de\/at\/author\/bitminds\/"}]}},"_links":{"self":[{"href":"https:\/\/www.neimcke.de\/at\/wp-json\/wp\/v2\/posts\/2188","targetHints":{"allow":["GET"]}}],"collection":[{"href":"https:\/\/www.neimcke.de\/at\/wp-json\/wp\/v2\/posts"}],"about":[{"href":"https:\/\/www.neimcke.de\/at\/wp-json\/wp\/v2\/types\/post"}],"author":[{"embeddable":true,"href":"https:\/\/www.neimcke.de\/at\/wp-json\/wp\/v2\/users\/9"}],"replies":[{"embeddable":true,"href":"https:\/\/www.neimcke.de\/at\/wp-json\/wp\/v2\/comments?post=2188"}],"version-history":[{"count":5,"href":"https:\/\/www.neimcke.de\/at\/wp-json\/wp\/v2\/posts\/2188\/revisions"}],"predecessor-version":[{"id":2194,"href":"https:\/\/www.neimcke.de\/at\/wp-json\/wp\/v2\/posts\/2188\/revisions\/2194"}],"wp:attachment":[{"href":"https:\/\/www.neimcke.de\/at\/wp-json\/wp\/v2\/media?parent=2188"}],"wp:term":[{"taxonomy":"category","embeddable":true,"href":"https:\/\/www.neimcke.de\/at\/wp-json\/wp\/v2\/categories?post=2188"},{"taxonomy":"post_tag","embeddable":true,"href":"https:\/\/www.neimcke.de\/at\/wp-json\/wp\/v2\/tags?post=2188"}],"curies":[{"name":"wp","href":"https:\/\/api.w.org\/{rel}","templated":true}]}}