{"id":1578,"date":"2016-10-21T07:18:42","date_gmt":"2016-10-21T07:18:42","guid":{"rendered":"https:\/\/www.neimcke.de\/?p=1578"},"modified":"2016-10-21T07:24:45","modified_gmt":"2016-10-21T07:24:45","slug":"neimcke-hausmesse-2016-in-traunstein","status":"publish","type":"post","link":"https:\/\/www.neimcke.de\/at\/neimcke-hausmesse-2016-in-traunstein\/","title":{"rendered":"Neimcke Hausmesse 2016 in Traunstein"},"content":{"rendered":"<p>Mehr als 3.500 Besucher kamen am 15. und 16. Oktober zu unserer Hausmesse nach Traunstein und informierten sich bei \u00fcber 130 Ausstellern \u00fcber Neues und Wissenswertes aus der Branche.<\/p>\n<p>\u00dcber Ihren Besuch haben wir uns sehr gefreut und bedanken uns recht herzlich bei Ihnen.Unser besonderer Dank gilt auch den Ausstellern und allen Mitarbeitern, die mit Ihrem pers\u00f6nlichen Einsatz die Hausmesse sehr erfolgreich gestalteten.<\/p>\n<p>Wir freuen uns mit Ihnen bereits heute auf die n\u00e4chste Hausmesse am 7. und 8. Oktober 2017 in M\u00fchldorf.<\/p>\n","protected":false},"excerpt":{"rendered":"<p>Mehr als 3.500 Besucher kamen am 15. und 16. Oktober zu unserer Hausmesse nach Traunstein und informierten sich bei \u00fcber 130 Ausstellern \u00fcber Neues und Wissenswertes aus der Branche. \u00dcber Ihren Besuch haben wir uns sehr gefreut und bedanken uns recht herzlich bei Ihnen.Unser besonderer Dank gilt auch den Ausstellern und allen Mitarbeitern, die mit&nbsp; <a href=\"https:\/\/www.neimcke.de\/at\/neimcke-hausmesse-2016-in-traunstein\/\">&hellip; Read more <i class=\"fa fa-arrow-right\"><\/i><\/a><\/p>\n","protected":false},"author":9,"featured_media":0,"comment_status":"open","ping_status":"open","sticky":false,"template":"","format":"standard","meta":{"_acf_changed":false,"footnotes":""},"categories":[1],"tags":[],"class_list":["post-1578","post","type-post","status-publish","format-standard","hentry","category-unkategorisiert"],"acf":[],"yoast_head":"<!-- This site is optimized with the Yoast SEO plugin v26.7 - https:\/\/yoast.com\/wordpress\/plugins\/seo\/ -->\n<title>Neimcke Hausmesse 2016 in Traunstein - Neimcke - Weil jedes Teil z\u00e4hlt! Gro\u00dfhandel f\u00fcr Kfz-Ersatzteile, Verschlei\u00dfteile und Werkstatteinrichtung. | Gro\u00dfhandel, Autoteile, Autozubeh\u00f6r, Werkstatteinrichtung<\/title>\n<meta name=\"robots\" content=\"index, follow, max-snippet:-1, max-image-preview:large, max-video-preview:-1\" \/>\n<link rel=\"canonical\" href=\"https:\/\/www.neimcke.de\/neimcke-hausmesse-2016-in-traunstein\/\" \/>\n<meta property=\"og:locale\" content=\"de_DE\" \/>\n<meta property=\"og:type\" content=\"article\" \/>\n<meta property=\"og:title\" content=\"Neimcke Hausmesse 2016 in Traunstein - Neimcke - Weil jedes Teil z\u00e4hlt! Gro\u00dfhandel f\u00fcr Kfz-Ersatzteile, Verschlei\u00dfteile und Werkstatteinrichtung. | Gro\u00dfhandel, Autoteile, Autozubeh\u00f6r, Werkstatteinrichtung\" \/>\n<meta property=\"og:description\" content=\"Mehr als 3.500 Besucher kamen am 15. und 16. Oktober zu unserer Hausmesse nach Traunstein und informierten sich bei \u00fcber 130 Ausstellern \u00fcber Neues und Wissenswertes aus der Branche. \u00dcber Ihren Besuch haben wir uns sehr gefreut und bedanken uns recht herzlich bei Ihnen.Unser besonderer Dank gilt auch den Ausstellern und allen Mitarbeitern, die mit&nbsp; &hellip; Read more\" \/>\n<meta property=\"og:url\" content=\"https:\/\/www.neimcke.de\/neimcke-hausmesse-2016-in-traunstein\/\" \/>\n<meta property=\"og:site_name\" content=\"Neimcke - Weil jedes Teil z\u00e4hlt! Gro\u00dfhandel f\u00fcr Kfz-Ersatzteile, Verschlei\u00dfteile und Werkstatteinrichtung. | Gro\u00dfhandel, Autoteile, Autozubeh\u00f6r, Werkstatteinrichtung\" \/>\n<meta property=\"article:publisher\" content=\"https:\/\/de-de.facebook.com\/Neimcke\/\" \/>\n<meta property=\"article:published_time\" content=\"2016-10-21T07:18:42+00:00\" \/>\n<meta property=\"article:modified_time\" content=\"2016-10-21T07:24:45+00:00\" \/>\n<meta name=\"author\" content=\"Thomas Steiner\" \/>\n<meta name=\"twitter:card\" content=\"summary_large_image\" \/>\n<meta name=\"twitter:creator\" content=\"@neimcke\" \/>\n<meta name=\"twitter:site\" content=\"@neimcke\" \/>\n<meta name=\"twitter:label1\" content=\"Written by\" \/>\n\t<meta name=\"twitter:data1\" content=\"Thomas Steiner\" \/>\n<script type=\"application\/ld+json\" class=\"yoast-schema-graph\">{\"@context\":\"https:\/\/schema.org\",\"@graph\":[{\"@type\":\"Article\",\"@id\":\"https:\/\/www.neimcke.de\/neimcke-hausmesse-2016-in-traunstein\/#article\",\"isPartOf\":{\"@id\":\"https:\/\/www.neimcke.de\/neimcke-hausmesse-2016-in-traunstein\/\"},\"author\":{\"name\":\"Thomas Steiner\",\"@id\":\"https:\/\/www.neimcke.de\/#\/schema\/person\/79240196b1c916ccd920eaff33fb5620\"},\"headline\":\"Neimcke Hausmesse 2016 in Traunstein\",\"datePublished\":\"2016-10-21T07:18:42+00:00\",\"dateModified\":\"2016-10-21T07:24:45+00:00\",\"mainEntityOfPage\":{\"@id\":\"https:\/\/www.neimcke.de\/neimcke-hausmesse-2016-in-traunstein\/\"},\"wordCount\":83,\"commentCount\":0,\"articleSection\":[\"Unkategorisiert\"],\"inLanguage\":\"de-AT\"},{\"@type\":\"WebPage\",\"@id\":\"https:\/\/www.neimcke.de\/neimcke-hausmesse-2016-in-traunstein\/\",\"url\":\"https:\/\/www.neimcke.de\/neimcke-hausmesse-2016-in-traunstein\/\",\"name\":\"Neimcke Hausmesse 2016 in Traunstein - Neimcke - Weil jedes Teil z\u00e4hlt! Gro\u00dfhandel f\u00fcr Kfz-Ersatzteile, Verschlei\u00dfteile und Werkstatteinrichtung. | Gro\u00dfhandel, Autoteile, Autozubeh\u00f6r, Werkstatteinrichtung\",\"isPartOf\":{\"@id\":\"https:\/\/www.neimcke.de\/#website\"},\"datePublished\":\"2016-10-21T07:18:42+00:00\",\"dateModified\":\"2016-10-21T07:24:45+00:00\",\"author\":{\"@id\":\"https:\/\/www.neimcke.de\/#\/schema\/person\/79240196b1c916ccd920eaff33fb5620\"},\"breadcrumb\":{\"@id\":\"https:\/\/www.neimcke.de\/neimcke-hausmesse-2016-in-traunstein\/#breadcrumb\"},\"inLanguage\":\"de-AT\",\"potentialAction\":[{\"@type\":\"ReadAction\",\"target\":[\"https:\/\/www.neimcke.de\/neimcke-hausmesse-2016-in-traunstein\/\"]}]},{\"@type\":\"BreadcrumbList\",\"@id\":\"https:\/\/www.neimcke.de\/neimcke-hausmesse-2016-in-traunstein\/#breadcrumb\",\"itemListElement\":[{\"@type\":\"ListItem\",\"position\":1,\"name\":\"Startseite\",\"item\":\"https:\/\/www.neimcke.de\/at\/www-neimcke-de\/\"},{\"@type\":\"ListItem\",\"position\":2,\"name\":\"Neimcke Hausmesse 2016 in Traunstein\"}]},{\"@type\":\"WebSite\",\"@id\":\"https:\/\/www.neimcke.de\/#website\",\"url\":\"https:\/\/www.neimcke.de\/\",\"name\":\"Neimcke - Weil jedes Teil z\u00e4hlt! Gro\u00dfhandel f\u00fcr Kfz-Ersatzteile, Verschlei\u00dfteile und Werkstatteinrichtung. | Gro\u00dfhandel, Autoteile, Autozubeh\u00f6r, Werkstatteinrichtung\",\"description\":\"Weil jedes Teil z\u00e4hlt! Gro\u00dfhandel f\u00fcr Kfz-Ersatzteile, Verschlei\u00dfteile und Werkstatteinrichtung.\",\"potentialAction\":[{\"@type\":\"SearchAction\",\"target\":{\"@type\":\"EntryPoint\",\"urlTemplate\":\"https:\/\/www.neimcke.de\/?s={search_term_string}\"},\"query-input\":{\"@type\":\"PropertyValueSpecification\",\"valueRequired\":true,\"valueName\":\"search_term_string\"}}],\"inLanguage\":\"de-AT\"},{\"@type\":\"Person\",\"@id\":\"https:\/\/www.neimcke.de\/#\/schema\/person\/79240196b1c916ccd920eaff33fb5620\",\"name\":\"Thomas Steiner\",\"image\":{\"@type\":\"ImageObject\",\"inLanguage\":\"de-AT\",\"@id\":\"https:\/\/www.neimcke.de\/#\/schema\/person\/image\/\",\"url\":\"https:\/\/secure.gravatar.com\/avatar\/86da04914b2ee32923c672eed7095ef34270eac3a3c1951d32152792dd8f4da5?s=96&d=mm&r=g\",\"contentUrl\":\"https:\/\/secure.gravatar.com\/avatar\/86da04914b2ee32923c672eed7095ef34270eac3a3c1951d32152792dd8f4da5?s=96&d=mm&r=g\",\"caption\":\"Thomas Steiner\"},\"url\":\"https:\/\/www.neimcke.de\/at\/author\/bitminds\/\"}]}<\/script>\n<!-- \/ Yoast SEO plugin. -->","yoast_head_json":{"title":"Neimcke Hausmesse 2016 in Traunstein - Neimcke - Weil jedes Teil z\u00e4hlt! Gro\u00dfhandel f\u00fcr Kfz-Ersatzteile, Verschlei\u00dfteile und Werkstatteinrichtung. | Gro\u00dfhandel, Autoteile, Autozubeh\u00f6r, Werkstatteinrichtung","robots":{"index":"index","follow":"follow","max-snippet":"max-snippet:-1","max-image-preview":"max-image-preview:large","max-video-preview":"max-video-preview:-1"},"canonical":"https:\/\/www.neimcke.de\/neimcke-hausmesse-2016-in-traunstein\/","og_locale":"de_DE","og_type":"article","og_title":"Neimcke Hausmesse 2016 in Traunstein - Neimcke - Weil jedes Teil z\u00e4hlt! Gro\u00dfhandel f\u00fcr Kfz-Ersatzteile, Verschlei\u00dfteile und Werkstatteinrichtung. | Gro\u00dfhandel, Autoteile, Autozubeh\u00f6r, Werkstatteinrichtung","og_description":"Mehr als 3.500 Besucher kamen am 15. und 16. Oktober zu unserer Hausmesse nach Traunstein und informierten sich bei \u00fcber 130 Ausstellern \u00fcber Neues und Wissenswertes aus der Branche. \u00dcber Ihren Besuch haben wir uns sehr gefreut und bedanken uns recht herzlich bei Ihnen.Unser besonderer Dank gilt auch den Ausstellern und allen Mitarbeitern, die mit&nbsp; &hellip; Read more","og_url":"https:\/\/www.neimcke.de\/neimcke-hausmesse-2016-in-traunstein\/","og_site_name":"Neimcke - Weil jedes Teil z\u00e4hlt! Gro\u00dfhandel f\u00fcr Kfz-Ersatzteile, Verschlei\u00dfteile und Werkstatteinrichtung. | Gro\u00dfhandel, Autoteile, Autozubeh\u00f6r, Werkstatteinrichtung","article_publisher":"https:\/\/de-de.facebook.com\/Neimcke\/","article_published_time":"2016-10-21T07:18:42+00:00","article_modified_time":"2016-10-21T07:24:45+00:00","author":"Thomas Steiner","twitter_card":"summary_large_image","twitter_creator":"@neimcke","twitter_site":"@neimcke","twitter_misc":{"Written by":"Thomas Steiner"},"schema":{"@context":"https:\/\/schema.org","@graph":[{"@type":"Article","@id":"https:\/\/www.neimcke.de\/neimcke-hausmesse-2016-in-traunstein\/#article","isPartOf":{"@id":"https:\/\/www.neimcke.de\/neimcke-hausmesse-2016-in-traunstein\/"},"author":{"name":"Thomas Steiner","@id":"https:\/\/www.neimcke.de\/#\/schema\/person\/79240196b1c916ccd920eaff33fb5620"},"headline":"Neimcke Hausmesse 2016 in Traunstein","datePublished":"2016-10-21T07:18:42+00:00","dateModified":"2016-10-21T07:24:45+00:00","mainEntityOfPage":{"@id":"https:\/\/www.neimcke.de\/neimcke-hausmesse-2016-in-traunstein\/"},"wordCount":83,"commentCount":0,"articleSection":["Unkategorisiert"],"inLanguage":"de-AT"},{"@type":"WebPage","@id":"https:\/\/www.neimcke.de\/neimcke-hausmesse-2016-in-traunstein\/","url":"https:\/\/www.neimcke.de\/neimcke-hausmesse-2016-in-traunstein\/","name":"Neimcke Hausmesse 2016 in Traunstein - Neimcke - Weil jedes Teil z\u00e4hlt! Gro\u00dfhandel f\u00fcr Kfz-Ersatzteile, Verschlei\u00dfteile und Werkstatteinrichtung. | Gro\u00dfhandel, Autoteile, Autozubeh\u00f6r, Werkstatteinrichtung","isPartOf":{"@id":"https:\/\/www.neimcke.de\/#website"},"datePublished":"2016-10-21T07:18:42+00:00","dateModified":"2016-10-21T07:24:45+00:00","author":{"@id":"https:\/\/www.neimcke.de\/#\/schema\/person\/79240196b1c916ccd920eaff33fb5620"},"breadcrumb":{"@id":"https:\/\/www.neimcke.de\/neimcke-hausmesse-2016-in-traunstein\/#breadcrumb"},"inLanguage":"de-AT","potentialAction":[{"@type":"ReadAction","target":["https:\/\/www.neimcke.de\/neimcke-hausmesse-2016-in-traunstein\/"]}]},{"@type":"BreadcrumbList","@id":"https:\/\/www.neimcke.de\/neimcke-hausmesse-2016-in-traunstein\/#breadcrumb","itemListElement":[{"@type":"ListItem","position":1,"name":"Startseite","item":"https:\/\/www.neimcke.de\/at\/www-neimcke-de\/"},{"@type":"ListItem","position":2,"name":"Neimcke Hausmesse 2016 in Traunstein"}]},{"@type":"WebSite","@id":"https:\/\/www.neimcke.de\/#website","url":"https:\/\/www.neimcke.de\/","name":"Neimcke - Weil jedes Teil z\u00e4hlt! Gro\u00dfhandel f\u00fcr Kfz-Ersatzteile, Verschlei\u00dfteile und Werkstatteinrichtung. | Gro\u00dfhandel, Autoteile, Autozubeh\u00f6r, Werkstatteinrichtung","description":"Weil jedes Teil z\u00e4hlt! Gro\u00dfhandel f\u00fcr Kfz-Ersatzteile, Verschlei\u00dfteile und Werkstatteinrichtung.","potentialAction":[{"@type":"SearchAction","target":{"@type":"EntryPoint","urlTemplate":"https:\/\/www.neimcke.de\/?s={search_term_string}"},"query-input":{"@type":"PropertyValueSpecification","valueRequired":true,"valueName":"search_term_string"}}],"inLanguage":"de-AT"},{"@type":"Person","@id":"https:\/\/www.neimcke.de\/#\/schema\/person\/79240196b1c916ccd920eaff33fb5620","name":"Thomas Steiner","image":{"@type":"ImageObject","inLanguage":"de-AT","@id":"https:\/\/www.neimcke.de\/#\/schema\/person\/image\/","url":"https:\/\/secure.gravatar.com\/avatar\/86da04914b2ee32923c672eed7095ef34270eac3a3c1951d32152792dd8f4da5?s=96&d=mm&r=g","contentUrl":"https:\/\/secure.gravatar.com\/avatar\/86da04914b2ee32923c672eed7095ef34270eac3a3c1951d32152792dd8f4da5?s=96&d=mm&r=g","caption":"Thomas Steiner"},"url":"https:\/\/www.neimcke.de\/at\/author\/bitminds\/"}]}},"_links":{"self":[{"href":"https:\/\/www.neimcke.de\/at\/wp-json\/wp\/v2\/posts\/1578","targetHints":{"allow":["GET"]}}],"collection":[{"href":"https:\/\/www.neimcke.de\/at\/wp-json\/wp\/v2\/posts"}],"about":[{"href":"https:\/\/www.neimcke.de\/at\/wp-json\/wp\/v2\/types\/post"}],"author":[{"embeddable":true,"href":"https:\/\/www.neimcke.de\/at\/wp-json\/wp\/v2\/users\/9"}],"replies":[{"embeddable":true,"href":"https:\/\/www.neimcke.de\/at\/wp-json\/wp\/v2\/comments?post=1578"}],"version-history":[{"count":4,"href":"https:\/\/www.neimcke.de\/at\/wp-json\/wp\/v2\/posts\/1578\/revisions"}],"predecessor-version":[{"id":1616,"href":"https:\/\/www.neimcke.de\/at\/wp-json\/wp\/v2\/posts\/1578\/revisions\/1616"}],"wp:attachment":[{"href":"https:\/\/www.neimcke.de\/at\/wp-json\/wp\/v2\/media?parent=1578"}],"wp:term":[{"taxonomy":"category","embeddable":true,"href":"https:\/\/www.neimcke.de\/at\/wp-json\/wp\/v2\/categories?post=1578"},{"taxonomy":"post_tag","embeddable":true,"href":"https:\/\/www.neimcke.de\/at\/wp-json\/wp\/v2\/tags?post=1578"}],"curies":[{"name":"wp","href":"https:\/\/api.w.org\/{rel}","templated":true}]}}